{"id":78942,"date":"2020-08-04T18:52:30","date_gmt":"2020-08-04T21:52:30","guid":{"rendered":"https:\/\/eldiariodesanpedro.com.ar\/sitio\/?p=78942"},"modified":"2020-08-04T18:52:34","modified_gmt":"2020-08-04T21:52:34","slug":"baradero-se-inicio-un-sumario-administrativo-por-elementos-sustraidos-en-el-hospital","status":"publish","type":"post","link":"https:\/\/eldiariodesanpedro.com.ar\/sitio\/baradero-se-inicio-un-sumario-administrativo-por-elementos-sustraidos-en-el-hospital\/","title":{"rendered":"BARADERO | Se inici\u00f3 un sumario administrativo por elementos sustra\u00eddos en el hospital"},"content":{"rendered":"<!-- VideographyWP Plugin Message: Automatic video embedding prevented by plugin options. -->\n\n<p>El s\u00e1bado fueron encontrados en un armario gran cantidad de elementos de protecci\u00f3n personal como camisolines, guantes, cofias, cubre botas, barbijos.<\/p>\n\n\n\n<p>Por tal motivo, este lunes se iniciaron las actuaciones administrativas correspondientes para poder determinar sobre qui\u00e9n recae la responsabilidad respecto de estos elementos sustra\u00eddos en el hospital municipal \u00abDr. Lino Pi\u00f1eiro\u00bb.<\/p>\n\n\n\n<p>Este es el primer paso que da el municipio en un trabajo conjunto de la Direcci\u00f3n Administrativa del hospital junto a la Subsecretar\u00eda Legal y T\u00e9cnica.<\/p>\n\n\n\n<p>Es de suma importancia poder determinar los responsables de este tipo de acciones que perjudican el cuidado de la salud de todos.<\/p>\n\n\n\n<p>Una vez finalizado el sumario administrativo, en caso de corresponder, se aplicaran las sanciones al personal involucrado y se dar\u00e1 intervenci\u00f3n a la justicia.<\/p>\n\n\n\n<p>Fuente: <a href=\"https:\/\/www.baraderoteinforma.com.ar\/se-inicio-un-sumario-administrativo-por-los-elementos-sustraidos-en-el-hospital\/\">Baradero Te Informa<\/a><\/p>\n","protected":false},"excerpt":{"rendered":"<p>El s\u00e1bado fueron encontrados en un armario gran cantidad de elementos de protecci\u00f3n personal como camisolines, guantes, cofias, cubre botas, barbijos. Por tal motivo, este lunes se iniciaron las actuaciones administrativas correspondientes para poder determinar sobre qui\u00e9n recae la responsabilidad respecto de estos elementos sustra\u00eddos en el hospital municipal \u00abDr. Lino Pi\u00f1eiro\u00bb. Este es el [&hellip;]<\/p>\n","protected":false},"author":4,"featured_media":78943,"comment_status":"open","ping_status":"closed","sticky":false,"template":"","format":"standard","meta":{"om_disable_all_campaigns":false,"_jetpack_memberships_contains_paid_content":false,"footnotes":""},"categories":[621],"tags":[139,197,681],"class_list":["post-78942","post","type-post","status-publish","format-standard","has-post-thumbnail","hentry","category-regionales","tag-baradero","tag-buenos-aires","tag-regionales"],"aioseo_notices":[],"gutentor_comment":0,"jetpack_featured_media_url":"https:\/\/eldiariodesanpedro.com.ar\/sitio\/wp-content\/uploads\/2020\/08\/65179-640x480-1.jpg","jetpack_shortlink":"https:\/\/wp.me\/p6RhLt-kxg","jetpack_sharing_enabled":true,"_links":{"self":[{"href":"https:\/\/eldiariodesanpedro.com.ar\/sitio\/wp-json\/wp\/v2\/posts\/78942","targetHints":{"allow":["GET"]}}],"collection":[{"href":"https:\/\/eldiariodesanpedro.com.ar\/sitio\/wp-json\/wp\/v2\/posts"}],"about":[{"href":"https:\/\/eldiariodesanpedro.com.ar\/sitio\/wp-json\/wp\/v2\/types\/post"}],"author":[{"embeddable":true,"href":"https:\/\/eldiariodesanpedro.com.ar\/sitio\/wp-json\/wp\/v2\/users\/4"}],"replies":[{"embeddable":true,"href":"https:\/\/eldiariodesanpedro.com.ar\/sitio\/wp-json\/wp\/v2\/comments?post=78942"}],"version-history":[{"count":1,"href":"https:\/\/eldiariodesanpedro.com.ar\/sitio\/wp-json\/wp\/v2\/posts\/78942\/revisions"}],"predecessor-version":[{"id":78944,"href":"https:\/\/eldiariodesanpedro.com.ar\/sitio\/wp-json\/wp\/v2\/posts\/78942\/revisions\/78944"}],"wp:featuredmedia":[{"embeddable":true,"href":"https:\/\/eldiariodesanpedro.com.ar\/sitio\/wp-json\/wp\/v2\/media\/78943"}],"wp:attachment":[{"href":"https:\/\/eldiariodesanpedro.com.ar\/sitio\/wp-json\/wp\/v2\/media?parent=78942"}],"wp:term":[{"taxonomy":"category","embeddable":true,"href":"https:\/\/eldiariodesanpedro.com.ar\/sitio\/wp-json\/wp\/v2\/categories?post=78942"},{"taxonomy":"post_tag","embeddable":true,"href":"https:\/\/eldiariodesanpedro.com.ar\/sitio\/wp-json\/wp\/v2\/tags?post=78942"}],"curies":[{"name":"wp","href":"https:\/\/api.w.org\/{rel}","templated":true}]}}