{"id":78939,"date":"2020-08-04T18:50:28","date_gmt":"2020-08-04T21:50:28","guid":{"rendered":"https:\/\/eldiariodesanpedro.com.ar\/sitio\/?p=78939"},"modified":"2020-08-04T18:50:29","modified_gmt":"2020-08-04T21:50:29","slug":"baradero-me-confundio-con-otra-persona-me-golpeo-me-amenazo-con-un-cuchillo-y-la-policia-no-hizo-nada","status":"publish","type":"post","link":"https:\/\/eldiariodesanpedro.com.ar\/sitio\/baradero-me-confundio-con-otra-persona-me-golpeo-me-amenazo-con-un-cuchillo-y-la-policia-no-hizo-nada\/","title":{"rendered":"BARADERO | \u00abMe confundi\u00f3 con otra persona, me golpe\u00f3, me amenaz\u00f3 con un cuchillo y la polic\u00eda no hizo nada\u00bb"},"content":{"rendered":"<!-- VideographyWP Plugin Message: Automatic video embedding prevented by plugin options. -->\n\n<p>Desde&nbsp;<strong>\u00abLa Ma\u00f1ana y Yo\u00bb<\/strong>&nbsp;nos comunicamos con Sandra G\u00f3mez, una de las mujeres involucradas en la gresca de ayer por la noche en pleno centro de nuestra ciudad. As\u00ed se expresaba G\u00f3mez, en&nbsp;<strong>\u00abFm Tiempo\u00bb<\/strong>:<\/p>\n\n\n\n<p><em>\u00abSal\u00ed de Capri, me llam\u00f3 de la otra vereda \u00abChiky\u00bb Fontanari, cruc\u00e9 y hab\u00eda dos personas m\u00e1s. Me ofreci\u00f3 un vaso de cerveza, le dije que no estaba tomando y le ped\u00ed un vaso de agua. Sali\u00f3 de adentro de la casa un tipo gordo, grandote, en un estado deplorable, con un cuchillo y una botella y me dijo: \u2018Vos sos Alejandra, la que me&nbsp;rob\u00f3 el celular en Wuilaia\u2019. Entonces \u00abChiky\u00bb le dijo: \u2018Ya te dijimos que no es ella\u2019.\u00bb<\/em><\/p>\n\n\n\n<p><em>\u00abEl tipo me encar\u00f3, me agarr\u00f3 de los pelos en la calle y me tir\u00f3 al piso. Yo le ped\u00eda por favor a \u00abChiky\u00bb que me lo sacara de encima, pero ninguno hizo nada. Cuando me par\u00e9 me agarr\u00f3 un ataque de nervios y le empec\u00e9 a pegar, pude agarrar el celular para llamar a la polic\u00eda porque el tipo me segu\u00eda corriendo.\u00bb<\/em><\/p>\n\n\n\n<p><em>\u00abEn un momento Fontanari me dijo: \u2018\u00bfVos a qui\u00e9n te comiste?\u2019. Entonces me enoj\u00e9, le pegu\u00e9 un golpe de pu\u00f1o en la cara y la corr\u00ed hasta adentro de la casa. Ella estaba en un estado que daba asco.\u00bb<\/em><\/p>\n\n\n\n<p><em>\u00abYo le dije a una oficial que Fontanari no ten\u00eda cara, porque estaba pr\u00e1cticamente adentro del m\u00f3vil policial transando con un oficial. Encima de que yo estaba lastimada y el tipo me hab\u00eda revolcado por el piso, ella estaba sentada en el m\u00f3vil, regalada.\u00bb<\/em><\/p>\n\n\n\n<p><em>\u00abMe dijeron que para hacer la denuncia ten\u00eda que hacerme un precario m\u00e9dico y como estaba tan dolorida, reci\u00e9n hoy voy a hacer la denuncia.\u00bb<\/em><\/p>\n\n\n\n<p>Fuente: <a href=\"http:\/\/tiemponoticias.com.ar\/noba\/2020\/08\/04\/22802\/\">Tiempo Noticias<\/a><\/p>\n","protected":false},"excerpt":{"rendered":"<p>Desde&nbsp;\u00abLa Ma\u00f1ana y Yo\u00bb&nbsp;nos comunicamos con Sandra G\u00f3mez, una de las mujeres involucradas en la gresca de ayer por la noche en pleno centro de nuestra ciudad. As\u00ed se expresaba G\u00f3mez, en&nbsp;\u00abFm Tiempo\u00bb: \u00abSal\u00ed de Capri, me llam\u00f3 de la otra vereda \u00abChiky\u00bb Fontanari, cruc\u00e9 y hab\u00eda dos personas m\u00e1s. Me ofreci\u00f3 un vaso de [&hellip;]<\/p>\n","protected":false},"author":4,"featured_media":78940,"comment_status":"open","ping_status":"closed","sticky":false,"template":"","format":"standard","meta":{"om_disable_all_campaigns":false,"_jetpack_memberships_contains_paid_content":false,"footnotes":""},"categories":[621],"tags":[139,197,681],"class_list":["post-78939","post","type-post","status-publish","format-standard","has-post-thumbnail","hentry","category-regionales","tag-baradero","tag-buenos-aires","tag-regionales"],"aioseo_notices":[],"gutentor_comment":0,"jetpack_featured_media_url":"https:\/\/eldiariodesanpedro.com.ar\/sitio\/wp-content\/uploads\/2020\/08\/116834542_1477949629059702_5493899264260082920_o.jpg","jetpack_shortlink":"https:\/\/wp.me\/p6RhLt-kxd","jetpack_sharing_enabled":true,"_links":{"self":[{"href":"https:\/\/eldiariodesanpedro.com.ar\/sitio\/wp-json\/wp\/v2\/posts\/78939","targetHints":{"allow":["GET"]}}],"collection":[{"href":"https:\/\/eldiariodesanpedro.com.ar\/sitio\/wp-json\/wp\/v2\/posts"}],"about":[{"href":"https:\/\/eldiariodesanpedro.com.ar\/sitio\/wp-json\/wp\/v2\/types\/post"}],"author":[{"embeddable":true,"href":"https:\/\/eldiariodesanpedro.com.ar\/sitio\/wp-json\/wp\/v2\/users\/4"}],"replies":[{"embeddable":true,"href":"https:\/\/eldiariodesanpedro.com.ar\/sitio\/wp-json\/wp\/v2\/comments?post=78939"}],"version-history":[{"count":1,"href":"https:\/\/eldiariodesanpedro.com.ar\/sitio\/wp-json\/wp\/v2\/posts\/78939\/revisions"}],"predecessor-version":[{"id":78941,"href":"https:\/\/eldiariodesanpedro.com.ar\/sitio\/wp-json\/wp\/v2\/posts\/78939\/revisions\/78941"}],"wp:featuredmedia":[{"embeddable":true,"href":"https:\/\/eldiariodesanpedro.com.ar\/sitio\/wp-json\/wp\/v2\/media\/78940"}],"wp:attachment":[{"href":"https:\/\/eldiariodesanpedro.com.ar\/sitio\/wp-json\/wp\/v2\/media?parent=78939"}],"wp:term":[{"taxonomy":"category","embeddable":true,"href":"https:\/\/eldiariodesanpedro.com.ar\/sitio\/wp-json\/wp\/v2\/categories?post=78939"},{"taxonomy":"post_tag","embeddable":true,"href":"https:\/\/eldiariodesanpedro.com.ar\/sitio\/wp-json\/wp\/v2\/tags?post=78939"}],"curies":[{"name":"wp","href":"https:\/\/api.w.org\/{rel}","templated":true}]}}