{"id":78936,"date":"2020-08-04T18:48:00","date_gmt":"2020-08-04T21:48:00","guid":{"rendered":"https:\/\/eldiariodesanpedro.com.ar\/sitio\/?p=78936"},"modified":"2020-08-04T18:48:03","modified_gmt":"2020-08-04T21:48:03","slug":"ramallo-el-frigorifico-de-perez-millan-producira-energia-electrica","status":"publish","type":"post","link":"https:\/\/eldiariodesanpedro.com.ar\/sitio\/ramallo-el-frigorifico-de-perez-millan-producira-energia-electrica\/","title":{"rendered":"RAMALLO | El frigorifico de P\u00e9rez Mill\u00e1n producir\u00e1 energ\u00eda el\u00e9ctrica"},"content":{"rendered":"<!-- VideographyWP Plugin Message: Automatic video embedding prevented by plugin options. -->\n\n<p>La Naci\u00f3n autoriz\u00f3 a la empresa de Perez Millan ArreBeef Energ\u00eda a ingresar como agente generador del mercado el\u00e9ctrico mayorista al Sistema Argentino de Interconexi\u00f3n (SADI), con su Central T\u00e9rmica a Biogas, que es un gas combustible que se genera con materia org\u00e1nica del frigor\u00edfico de carne.<\/p>\n\n\n\n<p>La resoluci\u00f3n 187\/2020 permiti\u00f3 a Arre Beef Energ\u00eda para su central t\u00e9rmica a biog\u00e1s que lleva el mismo nombre de la firma, de 1,5 MW de potencia, ubicada en P\u00e9rez Mill\u00e1n, conectarse al SADI en bornes de 33 kV de la estaci\u00f3n transformadora P\u00e9rez Mill\u00e1n, operada por la Empresa Distribuidora de Energ\u00eda Norte (EDEN).<\/p>\n\n\n\n<p>Fuente: <a href=\"https:\/\/www.ramalloinforma.com.ar\/industria-y-emprendimientos\/el-frigorifico-de-perez-millan-producira-energia-electrica\/\">Ramallo Informa<\/a><\/p>\n","protected":false},"excerpt":{"rendered":"<p>La Naci\u00f3n autoriz\u00f3 a la empresa de Perez Millan ArreBeef Energ\u00eda a ingresar como agente generador del mercado el\u00e9ctrico mayorista al Sistema Argentino de Interconexi\u00f3n (SADI), con su Central T\u00e9rmica a Biogas, que es un gas combustible que se genera con materia org\u00e1nica del frigor\u00edfico de carne. La resoluci\u00f3n 187\/2020 permiti\u00f3 a Arre Beef Energ\u00eda [&hellip;]<\/p>\n","protected":false},"author":4,"featured_media":78937,"comment_status":"open","ping_status":"closed","sticky":false,"template":"","format":"standard","meta":{"om_disable_all_campaigns":false,"_jetpack_memberships_contains_paid_content":false,"footnotes":""},"categories":[621],"tags":[197,347,681],"class_list":["post-78936","post","type-post","status-publish","format-standard","has-post-thumbnail","hentry","category-regionales","tag-buenos-aires","tag-ramallo","tag-regionales"],"aioseo_notices":[],"gutentor_comment":0,"jetpack_featured_media_url":"https:\/\/eldiariodesanpedro.com.ar\/sitio\/wp-content\/uploads\/2020\/08\/117168996_697875594277603_7893323353498993868_n.jpg","jetpack_shortlink":"https:\/\/wp.me\/p6RhLt-kxa","jetpack_sharing_enabled":true,"_links":{"self":[{"href":"https:\/\/eldiariodesanpedro.com.ar\/sitio\/wp-json\/wp\/v2\/posts\/78936","targetHints":{"allow":["GET"]}}],"collection":[{"href":"https:\/\/eldiariodesanpedro.com.ar\/sitio\/wp-json\/wp\/v2\/posts"}],"about":[{"href":"https:\/\/eldiariodesanpedro.com.ar\/sitio\/wp-json\/wp\/v2\/types\/post"}],"author":[{"embeddable":true,"href":"https:\/\/eldiariodesanpedro.com.ar\/sitio\/wp-json\/wp\/v2\/users\/4"}],"replies":[{"embeddable":true,"href":"https:\/\/eldiariodesanpedro.com.ar\/sitio\/wp-json\/wp\/v2\/comments?post=78936"}],"version-history":[{"count":1,"href":"https:\/\/eldiariodesanpedro.com.ar\/sitio\/wp-json\/wp\/v2\/posts\/78936\/revisions"}],"predecessor-version":[{"id":78938,"href":"https:\/\/eldiariodesanpedro.com.ar\/sitio\/wp-json\/wp\/v2\/posts\/78936\/revisions\/78938"}],"wp:featuredmedia":[{"embeddable":true,"href":"https:\/\/eldiariodesanpedro.com.ar\/sitio\/wp-json\/wp\/v2\/media\/78937"}],"wp:attachment":[{"href":"https:\/\/eldiariodesanpedro.com.ar\/sitio\/wp-json\/wp\/v2\/media?parent=78936"}],"wp:term":[{"taxonomy":"category","embeddable":true,"href":"https:\/\/eldiariodesanpedro.com.ar\/sitio\/wp-json\/wp\/v2\/categories?post=78936"},{"taxonomy":"post_tag","embeddable":true,"href":"https:\/\/eldiariodesanpedro.com.ar\/sitio\/wp-json\/wp\/v2\/tags?post=78936"}],"curies":[{"name":"wp","href":"https:\/\/api.w.org\/{rel}","templated":true}]}}