{"id":78922,"date":"2020-08-04T18:22:30","date_gmt":"2020-08-04T21:22:30","guid":{"rendered":"https:\/\/eldiariodesanpedro.com.ar\/sitio\/?p=78922"},"modified":"2020-08-04T18:22:33","modified_gmt":"2020-08-04T21:22:33","slug":"campana-polemica-intervencion-policial-en-el-campito-video","status":"publish","type":"post","link":"https:\/\/eldiariodesanpedro.com.ar\/sitio\/campana-polemica-intervencion-policial-en-el-campito-video\/","title":{"rendered":"CAMPANA | Pol\u00e9mica intervenci\u00f3n policial en el Campito (video)"},"content":{"rendered":"<!-- VideographyWP Plugin Message: Automatic video embedding prevented by plugin options. -->\n\n<p>Padres de varios menores denunciaron abuso de autoridad por parte de uniformados, quienes \u201clos obligaron a tirarse al piso, les apuntaron con armas largas y les arrojaron gas pimienta cuando no estaban haciendo nada\u201d explicaron. El hecho tambi\u00e9n fue elevado a la Secretar\u00eda de Derechos Humanos de la Provincia.<\/p>\n\n\n\n<p>Padres de un grupo de j\u00f3venes denunciaron a efectivos uniformados por supuesto abuso de autoridad contra varios j\u00f3venes en un pol\u00e9mico procedimiento que tuvo lugar este Domingo, en el Campito de Siderca.<\/p>\n\n\n\n<p>Eran cerca de las 18 horas, cuando una camioneta se detuvo de repente frente a dos grupos de chicos y chicas (menores de edad, en su mayor\u00eda) que dialogaban y pasaban el rato en una de las plazoletas que conforman el paseo, frente a la conocida Chaperouge. \u201cLa mayor\u00eda ten\u00edamos barbijo, otros no lo ten\u00edan colocado. Pero no estaban haciendo otra cosa que disfrutar de una salida recreativa, nada que no se encuentre autorizado\u201d confi\u00f3 uno de los padres en di\u00e1logo con Campana Noticias.<\/p>\n\n\n\n<p>Seg\u00fan el relato de su hija, del veh\u00edculo \u201cbajaron cuatro personas con armas largas. Les empiezan a gritar que se tiren al piso, los obligan a poner las manos en la nuca mientras les apuntan. Y uno de los uniformados comenz\u00f3 a tirar gas pimienta\u201d.<\/p>\n\n\n\n<p>El hecho qued\u00f3 registrado en un video captado por una de las adolescentes. En \u00e9ste se observa a los j\u00f3venes recostados boca abajo, algunos de ellos entregando el DNI. Pero luego, un sobresalto: \u201cfue cuando uno de los polic\u00edas le tir\u00f3 gas en la cara directamente a uno de mis amigos\u201d cont\u00f3 la joven.<\/p>\n\n\n\n<p>\u201cHab\u00eda otro grupo de chicos que estaban delante nuestro, donde uno de los chicos estaba en sillas de ruedas. Cuando nos preguntaron qu\u00e9 hac\u00edamos ah\u00ed, respondimos que era una salida recreativa. Despu\u00e9s lleg\u00f3 la polic\u00eda com\u00fan, y cuando vieron que los estaban filmando, guardaron el gas pimienta\u201d sostuvo una de las protagonistas del hecho.<\/p>\n\n\n\n<p>El joven al que le arrojaron gas pimienta en el rostro, fue acompa\u00f1ado por amigos a la Cl\u00ednica Delta, comentaron allegados al hecho.<\/p>\n\n\n\n<p>Lo ocurrido seguir\u00e1 su cauce legal. Por un lado, padres de los menores involucrados denunciar\u00e1n el hecho ante la Fiscal\u00eda (producto de la pandemia se realiza de manera virtual), mientras que Paola Garello, Delegada Regional de la Subsecretar\u00eda de Derechos Humanos de la Provincia, elev\u00f3 dicha denuncia a las autoridades del sector para iniciarse las averiguaciones pertinentes.<\/p>\n\n\n\n<figure class=\"wp-block-embed-youtube wp-block-embed is-type-video is-provider-youtube wp-embed-aspect-4-3 wp-has-aspect-ratio\"><div class=\"wp-block-embed__wrapper\">\n<iframe  style=\"display: block; margin: 0px auto;\"  id=\"_ytid_20830\"  width=\"640\" height=\"480\"  data-origwidth=\"640\" data-origheight=\"480\" src=\"https:\/\/www.youtube.com\/embed\/W-LwN5C6kjE?enablejsapi=1&#038;autoplay=0&#038;cc_load_policy=0&#038;cc_lang_pref=&#038;iv_load_policy=1&#038;loop=0&#038;rel=1&#038;fs=1&#038;playsinline=0&#038;autohide=2&#038;theme=dark&#038;color=red&#038;controls=1&#038;disablekb=0&#038;\" class=\"__youtube_prefs__  epyt-is-override  no-lazyload\" title=\"YouTube player\"  allow=\"fullscreen; accelerometer; autoplay; clipboard-write; encrypted-media; gyroscope; picture-in-picture; web-share\" referrerpolicy=\"strict-origin-when-cross-origin\" allowfullscreen data-no-lazy=\"1\" data-skipgform_ajax_framebjll=\"\"><\/iframe>\n<\/div><\/figure>\n","protected":false},"excerpt":{"rendered":"<p>Padres de varios menores denunciaron abuso de autoridad por parte de uniformados, quienes \u201clos obligaron a tirarse al piso, les apuntaron con armas largas y les arrojaron gas pimienta cuando no estaban haciendo nada\u201d explicaron. El hecho tambi\u00e9n fue elevado a la Secretar\u00eda de Derechos Humanos de la Provincia. Padres de un grupo de j\u00f3venes [&hellip;]<\/p>\n","protected":false},"author":4,"featured_media":78924,"comment_status":"open","ping_status":"closed","sticky":false,"template":"","format":"standard","meta":{"om_disable_all_campaigns":false,"_jetpack_memberships_contains_paid_content":false,"footnotes":""},"categories":[621],"tags":[197,686,681],"class_list":["post-78922","post","type-post","status-publish","format-standard","has-post-thumbnail","hentry","category-regionales","tag-buenos-aires","tag-campana-2","tag-regionales"],"aioseo_notices":[],"gutentor_comment":0,"jetpack_featured_media_url":"https:\/\/eldiariodesanpedro.com.ar\/sitio\/wp-content\/uploads\/2020\/08\/2020-08-04-e1596576096142.png","jetpack_shortlink":"https:\/\/wp.me\/p6RhLt-kwW","jetpack_sharing_enabled":true,"_links":{"self":[{"href":"https:\/\/eldiariodesanpedro.com.ar\/sitio\/wp-json\/wp\/v2\/posts\/78922","targetHints":{"allow":["GET"]}}],"collection":[{"href":"https:\/\/eldiariodesanpedro.com.ar\/sitio\/wp-json\/wp\/v2\/posts"}],"about":[{"href":"https:\/\/eldiariodesanpedro.com.ar\/sitio\/wp-json\/wp\/v2\/types\/post"}],"author":[{"embeddable":true,"href":"https:\/\/eldiariodesanpedro.com.ar\/sitio\/wp-json\/wp\/v2\/users\/4"}],"replies":[{"embeddable":true,"href":"https:\/\/eldiariodesanpedro.com.ar\/sitio\/wp-json\/wp\/v2\/comments?post=78922"}],"version-history":[{"count":1,"href":"https:\/\/eldiariodesanpedro.com.ar\/sitio\/wp-json\/wp\/v2\/posts\/78922\/revisions"}],"predecessor-version":[{"id":78925,"href":"https:\/\/eldiariodesanpedro.com.ar\/sitio\/wp-json\/wp\/v2\/posts\/78922\/revisions\/78925"}],"wp:featuredmedia":[{"embeddable":true,"href":"https:\/\/eldiariodesanpedro.com.ar\/sitio\/wp-json\/wp\/v2\/media\/78924"}],"wp:attachment":[{"href":"https:\/\/eldiariodesanpedro.com.ar\/sitio\/wp-json\/wp\/v2\/media?parent=78922"}],"wp:term":[{"taxonomy":"category","embeddable":true,"href":"https:\/\/eldiariodesanpedro.com.ar\/sitio\/wp-json\/wp\/v2\/categories?post=78922"},{"taxonomy":"post_tag","embeddable":true,"href":"https:\/\/eldiariodesanpedro.com.ar\/sitio\/wp-json\/wp\/v2\/tags?post=78922"}],"curies":[{"name":"wp","href":"https:\/\/api.w.org\/{rel}","templated":true}]}}