{"id":78919,"date":"2020-08-04T18:05:09","date_gmt":"2020-08-04T21:05:09","guid":{"rendered":"https:\/\/eldiariodesanpedro.com.ar\/sitio\/?p=78919"},"modified":"2020-08-04T18:05:13","modified_gmt":"2020-08-04T21:05:13","slug":"arrecifes-la-ciudad-vivio-un-fin-de-semana-normal","status":"publish","type":"post","link":"https:\/\/eldiariodesanpedro.com.ar\/sitio\/arrecifes-la-ciudad-vivio-un-fin-de-semana-normal\/","title":{"rendered":"ARRECIFES | La ciudad vivi\u00f3 un fin de semana \u00abnormal\u00bb"},"content":{"rendered":"<!-- VideographyWP Plugin Message: Automatic video embedding prevented by plugin options. -->\n\n<p>El clima primaveral de este fin de semana, con temperaturas superando los 20 grados, hizo que miles de arrecife\u00f1os se volcaran a las calles y los distintos espacios p\u00fablicos de la ciudad.<\/p>\n\n\n\n<p>En la noche del s\u00e1bado la prohibici\u00f3n de reuniones sociales sigui\u00f3 sin respetarse (hubo much\u00edsimos autos circulando en horas de la medianoche) y el domingo Arrecifes literalmente explot\u00f3 de gente.<\/p>\n\n\n\n<p>El nuevo Paseo de los Puentes se llen\u00f3 de veh\u00edculos y de personas, y hasta hubo problemas para transitarlo cuando los autos se encontraban de frente recorriendo el camino.<\/p>\n\n\n\n<p>El predio del Molino, ya sin los ef\u00edmeros \u201cc\u00edrculos del respeto\u201d, igual.<\/p>\n\n\n\n<p>La Avenida Merlassino fue un incansable derrotero de vecinos que buscaron \u201csalir del encierro\u201d, con colas de una cuadra en los sem\u00e1foros en un \u201cencierro\u201d que en nuestra ciudad verdaderamente no existe.<\/p>\n\n\n\n<p>Dentro de todo este \u201cfin de semana normal\u201d, hubo gente que respet\u00f3 el distanciamiento y us\u00f3 barbijos, s\u00ed. Pero fue la menos. La mayor\u00eda no lo hizo ni llev\u00f3 tapabocas colocado.<\/p>\n\n\n\n<p>Fuente: <a href=\"https:\/\/arrecifesnoticias.com\/sociedad\/arrecifes-vivio-un-fin-de-semana-normal\/\">Arrecifes Noticias<\/a><\/p>\n","protected":false},"excerpt":{"rendered":"<p>El clima primaveral de este fin de semana, con temperaturas superando los 20 grados, hizo que miles de arrecife\u00f1os se volcaran a las calles y los distintos espacios p\u00fablicos de la ciudad. En la noche del s\u00e1bado la prohibici\u00f3n de reuniones sociales sigui\u00f3 sin respetarse (hubo much\u00edsimos autos circulando en horas de la medianoche) y [&hellip;]<\/p>\n","protected":false},"author":4,"featured_media":78920,"comment_status":"open","ping_status":"closed","sticky":false,"template":"","format":"standard","meta":{"om_disable_all_campaigns":false,"_jetpack_memberships_contains_paid_content":false,"footnotes":""},"categories":[621],"tags":[640,197,681],"class_list":["post-78919","post","type-post","status-publish","format-standard","has-post-thumbnail","hentry","category-regionales","tag-arrecifes","tag-buenos-aires","tag-regionales"],"aioseo_notices":[],"gutentor_comment":0,"jetpack_featured_media_url":"https:\/\/eldiariodesanpedro.com.ar\/sitio\/wp-content\/uploads\/2020\/08\/Paseo-puentes-020820-883x510-1.jpg","jetpack_shortlink":"https:\/\/wp.me\/p6RhLt-kwT","jetpack_sharing_enabled":true,"_links":{"self":[{"href":"https:\/\/eldiariodesanpedro.com.ar\/sitio\/wp-json\/wp\/v2\/posts\/78919","targetHints":{"allow":["GET"]}}],"collection":[{"href":"https:\/\/eldiariodesanpedro.com.ar\/sitio\/wp-json\/wp\/v2\/posts"}],"about":[{"href":"https:\/\/eldiariodesanpedro.com.ar\/sitio\/wp-json\/wp\/v2\/types\/post"}],"author":[{"embeddable":true,"href":"https:\/\/eldiariodesanpedro.com.ar\/sitio\/wp-json\/wp\/v2\/users\/4"}],"replies":[{"embeddable":true,"href":"https:\/\/eldiariodesanpedro.com.ar\/sitio\/wp-json\/wp\/v2\/comments?post=78919"}],"version-history":[{"count":1,"href":"https:\/\/eldiariodesanpedro.com.ar\/sitio\/wp-json\/wp\/v2\/posts\/78919\/revisions"}],"predecessor-version":[{"id":78921,"href":"https:\/\/eldiariodesanpedro.com.ar\/sitio\/wp-json\/wp\/v2\/posts\/78919\/revisions\/78921"}],"wp:featuredmedia":[{"embeddable":true,"href":"https:\/\/eldiariodesanpedro.com.ar\/sitio\/wp-json\/wp\/v2\/media\/78920"}],"wp:attachment":[{"href":"https:\/\/eldiariodesanpedro.com.ar\/sitio\/wp-json\/wp\/v2\/media?parent=78919"}],"wp:term":[{"taxonomy":"category","embeddable":true,"href":"https:\/\/eldiariodesanpedro.com.ar\/sitio\/wp-json\/wp\/v2\/categories?post=78919"},{"taxonomy":"post_tag","embeddable":true,"href":"https:\/\/eldiariodesanpedro.com.ar\/sitio\/wp-json\/wp\/v2\/tags?post=78919"}],"curies":[{"name":"wp","href":"https:\/\/api.w.org\/{rel}","templated":true}]}}