{"id":78913,"date":"2020-08-05T08:00:00","date_gmt":"2020-08-05T11:00:00","guid":{"rendered":"https:\/\/eldiariodesanpedro.com.ar\/sitio\/?p=78913"},"modified":"2020-08-05T09:27:25","modified_gmt":"2020-08-05T12:27:25","slug":"calendario-de-pagos-para-hoy-miercoles-5","status":"publish","type":"post","link":"https:\/\/eldiariodesanpedro.com.ar\/sitio\/calendario-de-pagos-para-hoy-miercoles-5\/","title":{"rendered":"Calendario de pagos para hoy mi\u00e9rcoles 5"},"content":{"rendered":"<!-- VideographyWP Plugin Message: Automatic video embedding prevented by plugin options. -->\n\n<p><strong>Titulares de Pensiones No Contributivas<\/strong><\/p>\n\n\n\n<p>Las sucursales bancarias habilitadas atender\u00e1n por ventanilla solo a los&nbsp;<strong>titulares de Pensiones No Contributivas (PNC) que deban cobrar su haber de agosto con documentos terminados en 4 y 5<\/strong>.<\/p>\n\n\n\n<p>En este sentido, si bien estas personas no tienen que solicitar turno previo para cobrar este beneficio,&nbsp;<strong>deben acercarse a la sucursal bancaria \u00fanicamente en la fecha asignada<\/strong>. Cabe recordar que los haberes permanecer\u00e1n depositados en sus cuentas.<\/p>\n\n\n\n<p><strong>Asignaciones de Pago \u00danico<\/strong><\/p>\n\n\n\n<p>Desde ma\u00f1ana y hasta el 11 de septiembre, se pagan las Asignaciones de Pago \u00danico (Matrimonio, Nacimiento y Adopci\u00f3n) para todas las terminaciones de documento.<\/p>\n","protected":false},"excerpt":{"rendered":"<p>Titulares de Pensiones No Contributivas Las sucursales bancarias habilitadas atender\u00e1n por ventanilla solo a los&nbsp;titulares de Pensiones No Contributivas (PNC) que deban cobrar su haber de agosto con documentos terminados en 4 y 5. En este sentido, si bien estas personas no tienen que solicitar turno previo para cobrar este beneficio,&nbsp;deben acercarse a la sucursal [&hellip;]<\/p>\n","protected":false},"author":4,"featured_media":78465,"comment_status":"open","ping_status":"closed","sticky":false,"template":"","format":"standard","meta":{"om_disable_all_campaigns":false,"_jetpack_memberships_contains_paid_content":false,"footnotes":""},"categories":[101,2],"tags":[197,696,33],"class_list":["post-78913","post","type-post","status-publish","format-standard","has-post-thumbnail","hentry","category-interes-general-locales","category-locales","tag-buenos-aires","tag-interes-general","tag-locales"],"aioseo_notices":[],"gutentor_comment":0,"jetpack_featured_media_url":"https:\/\/eldiariodesanpedro.com.ar\/sitio\/wp-content\/uploads\/2020\/07\/anses.jpg","jetpack_shortlink":"https:\/\/wp.me\/p6RhLt-kwN","jetpack_sharing_enabled":true,"_links":{"self":[{"href":"https:\/\/eldiariodesanpedro.com.ar\/sitio\/wp-json\/wp\/v2\/posts\/78913","targetHints":{"allow":["GET"]}}],"collection":[{"href":"https:\/\/eldiariodesanpedro.com.ar\/sitio\/wp-json\/wp\/v2\/posts"}],"about":[{"href":"https:\/\/eldiariodesanpedro.com.ar\/sitio\/wp-json\/wp\/v2\/types\/post"}],"author":[{"embeddable":true,"href":"https:\/\/eldiariodesanpedro.com.ar\/sitio\/wp-json\/wp\/v2\/users\/4"}],"replies":[{"embeddable":true,"href":"https:\/\/eldiariodesanpedro.com.ar\/sitio\/wp-json\/wp\/v2\/comments?post=78913"}],"version-history":[{"count":1,"href":"https:\/\/eldiariodesanpedro.com.ar\/sitio\/wp-json\/wp\/v2\/posts\/78913\/revisions"}],"predecessor-version":[{"id":78914,"href":"https:\/\/eldiariodesanpedro.com.ar\/sitio\/wp-json\/wp\/v2\/posts\/78913\/revisions\/78914"}],"wp:featuredmedia":[{"embeddable":true,"href":"https:\/\/eldiariodesanpedro.com.ar\/sitio\/wp-json\/wp\/v2\/media\/78465"}],"wp:attachment":[{"href":"https:\/\/eldiariodesanpedro.com.ar\/sitio\/wp-json\/wp\/v2\/media?parent=78913"}],"wp:term":[{"taxonomy":"category","embeddable":true,"href":"https:\/\/eldiariodesanpedro.com.ar\/sitio\/wp-json\/wp\/v2\/categories?post=78913"},{"taxonomy":"post_tag","embeddable":true,"href":"https:\/\/eldiariodesanpedro.com.ar\/sitio\/wp-json\/wp\/v2\/tags?post=78913"}],"curies":[{"name":"wp","href":"https:\/\/api.w.org\/{rel}","templated":true}]}}