{"id":78909,"date":"2020-08-04T17:06:41","date_gmt":"2020-08-04T20:06:41","guid":{"rendered":"https:\/\/eldiariodesanpedro.com.ar\/sitio\/?p=78909"},"modified":"2020-08-04T17:06:45","modified_gmt":"2020-08-04T20:06:45","slug":"todos-los-detalles-de-los-creditos-procrear","status":"publish","type":"post","link":"https:\/\/eldiariodesanpedro.com.ar\/sitio\/todos-los-detalles-de-los-creditos-procrear\/","title":{"rendered":"Todos los detalles de los cr\u00e9ditos PROCREAR"},"content":{"rendered":"<!-- VideographyWP Plugin Message: Automatic video embedding prevented by plugin options. -->\n\n<p>El presidente Alberto Fern\u00e1ndez encabez\u00f3 este mediod\u00eda desde la residencia de Olivos el acto de relanzamiento del Programa de Cr\u00e9dito Argentino (PROCREAR), mediante una inversi\u00f3n de 25 mil millones de pesos prevista para este a\u00f1o, con el objetivo de garantizar el derecho a la vivienda y promover su acceso igualitario. Con este fondo se otorgar\u00e1n 300 mil cr\u00e9ditos para la construcci\u00f3n, refacci\u00f3n y ampliaci\u00f3n y se realizar\u00e1n 44 mil nuevas unidades de viviendas.<\/p>\n\n\n\n<p>\u201cAlgunos dicen que siempre todo tiempo pasado fue mejor, y hay quienes creemos que en verdad el mejor tiempo es el que podemos construir a partir de hoy\u201d, expres\u00f3 Fern\u00e1ndez y enfatiz\u00f3: \u201cPROCREAR fue un magn\u00edfico plan que permiti\u00f3 acceder a la vivienda a muchos argentinos y a muchas argentinas con un fuerte impulso del Estado nacional\u201d.<\/p>\n\n\n\n<p>\u201cCuando llegu\u00e9 al Gobierno quedaban alrededor de 10 mil viviendas que quedaron sin terminar y sin adjudicar. \u00bfC\u00f3mo pudo haber pasado esto sabiendo del d\u00e9ficit habitacional que hay en cualquier rinc\u00f3n de la Argentina?\u201d, se pregunt\u00f3 el mandatario y en ese sentido valor\u00f3 que \u201cvolvamos a traer esta herramienta al presente para resolver el problema de miles de argentinos\u201d.<\/p>\n\n\n\n<p>\u201cUna de las preocupaciones que ten\u00eda era c\u00f3mo pod\u00edamos hacer para poner en marcha un pan tan vigoroso como fue aquel PROCREAR de los \u00faltimos a\u00f1os de la presidencia de Cristina, y siempre aparec\u00eda el impedimento de la deuda\u201d, cont\u00f3 el Jefe de Estado al tiempo que revel\u00f3 que esta presentaci\u00f3n \u201cestaba pensada desde antes de que conoci\u00e9ramos que pudimos alcanzar un acuerdo con los acreedores\u201d.<\/p>\n\n\n\n<p>\u201cTodos somos necesarios en la reconstrucci\u00f3n de la Argentina. Pensemos cu\u00e1ntas familias existen con las que todav\u00eda estamos en deuda: esa es la deuda que vamos a empezar a pagar a partir de hoy\u201d, concluy\u00f3.<\/p>\n\n\n\n<p>La nueva edici\u00f3n del programa adopta una f\u00f3rmula de actualizaci\u00f3n crediticia que se vincula a la variaci\u00f3n salarial (HogAr) para proteger el ingreso de los adjudicatarios y brindar mayor previsibilidad, transparencia y claridad en el acceso a las soluciones habitacionales.<\/p>\n\n\n\n<p>Acompa\u00f1ado por la ministra de Desarrollo Territorial y H\u00e1bitat, Mar\u00eda Eugenia Bielsa, y por la directora Ejecutiva de la Administraci\u00f3n Nacional de la Seguridad Social (ANSES), Fernanda Raverta, el mandatario destac\u00f3 el rol del Estado para impulsar la construcci\u00f3n y la generaci\u00f3n de empleo en todo el pa\u00eds.<\/p>\n\n\n\n<p>La titular de la ANSES afirm\u00f3 que el Gobierno nacional est\u00e1 abocado a \u201csortear las dificultades y a salir de las situaciones m\u00e1s complejas con trabajo, con vocaci\u00f3n de resolver los problemas y con mucha energ\u00eda puesta en funci\u00f3n de estar cerca de nuestros vecinos y vecinas\u201d.<\/p>\n\n\n\n<p>\u201cDespu\u00e9s de la pandemia va a venir un tiempo de trabajo y producci\u00f3n para que podamos vivir mejor\u201d, dijo Raverta y remarc\u00f3 que, \u201csi algo aprendimos los argentinos y argentinas, es que nadie se salva solo; que la salida es colectiva, en comunidad, y el Estado tiene un rol fundamental para garantizarla\u201d.<\/p>\n\n\n\n<p>Durante el acto, el Presidente se comunic\u00f3 con los intendentes de C\u00f3rdoba, Mart\u00edn Llaryora; San Luis, Sergio Tamayo; R\u00edo Gallegos, Pablo Grasso; y Salta, Bettina Romero quienes estaban junto a beneficiarios del PROCREAR, que valoraron la posibilidad de acceder a la casa propia.<\/p>\n\n\n\n<p>A cargo de la cartera de Desarrollo Territorial y H\u00e1bitat, el programa tendr\u00e1 nueve l\u00edneas de pr\u00e9stamos (entre hipotecarios y personales), con una inversi\u00f3n estimada de 25 mil millones de pesos para este a\u00f1o.<\/p>\n\n\n\n<p>La ministra Bielsa precis\u00f3 que el programa va a movilizar aproximadamente 218 mil puestos de trabajo directos y 84 mil indirectos y explic\u00f3: \u201cPermanentemente el Presidente nos recuerda que cada programa que hagamos lo tenemos que pensar en su capacidad de generar trabajo\u201d.<\/p>\n\n\n\n<p>\u201cUno de los objetivos que tuvimos desde el primer momento es vincular el derecho a la vivienda con el derecho al trabajo, muy ligado hoy a la posibilidad y a la capacidad de la industria de la construcci\u00f3n de poder motorizar la econom\u00eda r\u00e1pidamente\u201d, subray\u00f3.<\/p>\n\n\n\n<p>Entre los cr\u00e9ditos personales se encuentran las l\u00edneas de Microcr\u00e9ditos, Mejoramientos Refacci\u00f3n, Mejoramientos Gas y Mejoramientos Sustentables. En tanto, las de cr\u00e9dito hipotecario se dividen en Desarrollos urban\u00edsticos, Desarrollos habitacionales, Construcci\u00f3n, Ampliaci\u00f3n y Lotes con servicios.<\/p>\n\n\n\n<p>La nueva modalidad del plan incorpora criterios de sustentabilidad ambiental y ampl\u00eda el rango de los requisitos que necesita un grupo familiar para ingresar al programa con el fin de que puedan calificar familias monoparentales y de bajos recursos.<\/p>\n\n\n\n<p>El Ministerio de Desarrollo Territorial y H\u00e1bitat ya dej\u00f3 abierta en su p\u00e1gina web (<a href=\"http:\/\/argentina.gob.ar\/habitat\" target=\"_blank\" rel=\"noreferrer noopener\">argentina.gob.ar\/habitat<\/a>) la inscripci\u00f3n para las dos primeras l\u00edneas que se abren: Microcr\u00e9ditos, de hasta 50.000 pesos para peque\u00f1as mejoras (tanto para propietarios como para inquilinos); y Mejoramientos Refacci\u00f3n, de entre 100.000 y 500.000 pesos para arreglos m\u00e1s importantes.<\/p>\n\n\n\n<p>Con el nuevo lanzamiento de PROCREAR, el Gobierno nacional se propone recuperar y dar un nuevo impulso a una iniciativa federal que busca reafirmar el rol del Estado en las pol\u00edticas de planificaci\u00f3n urbana y de uso del suelo para garantizar el derecho a la vivienda y promover el acceso igualitario al mejoramiento en las condiciones de vida de miles de argentinas y argentinos.<\/p>\n\n\n<a href=\"https:\/\/eldiariodesanpedro.com.ar\/sitio\/wp-content\/uploads\/2020\/08\/Procrear_relanzamiento_proyecciones_2020.pdf\" class=\"pdfemb-viewer\" style=\"\" data-width=\"max\" data-height=\"max\" data-toolbar=\"bottom\" data-toolbar-fixed=\"off\">Procrear_relanzamiento_proyecciones_2020<\/a>\n<p class=\"wp-block-pdfemb-pdf-embedder-viewer\"><\/p>\n","protected":false},"excerpt":{"rendered":"<p>El presidente Alberto Fern\u00e1ndez encabez\u00f3 este mediod\u00eda desde la residencia de Olivos el acto de relanzamiento del Programa de Cr\u00e9dito Argentino (PROCREAR), mediante una inversi\u00f3n de 25 mil millones de pesos prevista para este a\u00f1o, con el objetivo de garantizar el derecho a la vivienda y promover su acceso igualitario. Con este fondo se otorgar\u00e1n [&hellip;]<\/p>\n","protected":false},"author":4,"featured_media":78911,"comment_status":"open","ping_status":"closed","sticky":false,"template":"","format":"standard","meta":{"om_disable_all_campaigns":false,"_jetpack_memberships_contains_paid_content":false,"footnotes":""},"categories":[621],"tags":[197,1724,681],"class_list":["post-78909","post","type-post","status-publish","format-standard","has-post-thumbnail","hentry","category-regionales","tag-buenos-aires","tag-procrear","tag-regionales"],"aioseo_notices":[],"gutentor_comment":0,"jetpack_featured_media_url":"https:\/\/eldiariodesanpedro.com.ar\/sitio\/wp-content\/uploads\/2020\/08\/WhatsApp-Image-2020-08-04-at-16.20.16.jpeg","jetpack_shortlink":"https:\/\/wp.me\/p6RhLt-kwJ","jetpack_sharing_enabled":true,"_links":{"self":[{"href":"https:\/\/eldiariodesanpedro.com.ar\/sitio\/wp-json\/wp\/v2\/posts\/78909","targetHints":{"allow":["GET"]}}],"collection":[{"href":"https:\/\/eldiariodesanpedro.com.ar\/sitio\/wp-json\/wp\/v2\/posts"}],"about":[{"href":"https:\/\/eldiariodesanpedro.com.ar\/sitio\/wp-json\/wp\/v2\/types\/post"}],"author":[{"embeddable":true,"href":"https:\/\/eldiariodesanpedro.com.ar\/sitio\/wp-json\/wp\/v2\/users\/4"}],"replies":[{"embeddable":true,"href":"https:\/\/eldiariodesanpedro.com.ar\/sitio\/wp-json\/wp\/v2\/comments?post=78909"}],"version-history":[{"count":1,"href":"https:\/\/eldiariodesanpedro.com.ar\/sitio\/wp-json\/wp\/v2\/posts\/78909\/revisions"}],"predecessor-version":[{"id":78912,"href":"https:\/\/eldiariodesanpedro.com.ar\/sitio\/wp-json\/wp\/v2\/posts\/78909\/revisions\/78912"}],"wp:featuredmedia":[{"embeddable":true,"href":"https:\/\/eldiariodesanpedro.com.ar\/sitio\/wp-json\/wp\/v2\/media\/78911"}],"wp:attachment":[{"href":"https:\/\/eldiariodesanpedro.com.ar\/sitio\/wp-json\/wp\/v2\/media?parent=78909"}],"wp:term":[{"taxonomy":"category","embeddable":true,"href":"https:\/\/eldiariodesanpedro.com.ar\/sitio\/wp-json\/wp\/v2\/categories?post=78909"},{"taxonomy":"post_tag","embeddable":true,"href":"https:\/\/eldiariodesanpedro.com.ar\/sitio\/wp-json\/wp\/v2\/tags?post=78909"}],"curies":[{"name":"wp","href":"https:\/\/api.w.org\/{rel}","templated":true}]}}