{"id":78907,"date":"2020-08-04T16:59:26","date_gmt":"2020-08-04T19:59:26","guid":{"rendered":"https:\/\/eldiariodesanpedro.com.ar\/sitio\/?p=78907"},"modified":"2020-08-05T12:22:06","modified_gmt":"2020-08-05T15:22:06","slug":"edicto-de-sucesion-de-nelida-montero-y-jose-milanesi","status":"publish","type":"post","link":"https:\/\/eldiariodesanpedro.com.ar\/sitio\/edicto-de-sucesion-de-nelida-montero-y-jose-milanesi\/","title":{"rendered":"Edicto de Sucesi\u00f3n de Nelida Emilia Montero y Jose Milanesi"},"content":{"rendered":"<!-- VideographyWP Plugin Message: Automatic video embedding prevented by plugin options. -->\n\n<p>El Juzgado de Paz Letrado de Baradero, Secretar\u00eda \u00danica, cita y emplaza por treinta d\u00edas a herederos y\u00a0acreedores\u00a0de\u00a0NELIDA EMILIA MONTERO Y JOS\u00c9 MILANESI.- Baradero, 03 de Agosto de 2020.-<\/p>\n\n\n\n<p>ESTEBAN O. PERUDINA<br>&nbsp;ABOGADO SECRETARIO<\/p>\n","protected":false},"excerpt":{"rendered":"<p>El Juzgado de Paz Letrado de Baradero, Secretar\u00eda \u00danica, cita y emplaza por treinta d\u00edas a herederos y\u00a0acreedores\u00a0de\u00a0NELIDA EMILIA MONTERO Y JOS\u00c9 MILANESI.- Baradero, 03 de Agosto de 2020.- ESTEBAN O. PERUDINA&nbsp;ABOGADO SECRETARIO<\/p>\n","protected":false},"author":4,"featured_media":78139,"comment_status":"open","ping_status":"closed","sticky":false,"template":"","format":"standard","meta":{"om_disable_all_campaigns":false,"_jetpack_memberships_contains_paid_content":false,"footnotes":""},"categories":[676,677],"tags":[1121,1355,1122],"class_list":["post-78907","post","type-post","status-publish","format-standard","has-post-thumbnail","hentry","category-edictos","category-edictos-sucesorios","tag-edicto","tag-judiciales","tag-sucesion"],"aioseo_notices":[],"gutentor_comment":0,"jetpack_featured_media_url":"https:\/\/eldiariodesanpedro.com.ar\/sitio\/wp-content\/uploads\/2020\/07\/Edictos-4-1.jpg","jetpack_shortlink":"https:\/\/wp.me\/p6RhLt-kwH","jetpack_sharing_enabled":true,"_links":{"self":[{"href":"https:\/\/eldiariodesanpedro.com.ar\/sitio\/wp-json\/wp\/v2\/posts\/78907","targetHints":{"allow":["GET"]}}],"collection":[{"href":"https:\/\/eldiariodesanpedro.com.ar\/sitio\/wp-json\/wp\/v2\/posts"}],"about":[{"href":"https:\/\/eldiariodesanpedro.com.ar\/sitio\/wp-json\/wp\/v2\/types\/post"}],"author":[{"embeddable":true,"href":"https:\/\/eldiariodesanpedro.com.ar\/sitio\/wp-json\/wp\/v2\/users\/4"}],"replies":[{"embeddable":true,"href":"https:\/\/eldiariodesanpedro.com.ar\/sitio\/wp-json\/wp\/v2\/comments?post=78907"}],"version-history":[{"count":3,"href":"https:\/\/eldiariodesanpedro.com.ar\/sitio\/wp-json\/wp\/v2\/posts\/78907\/revisions"}],"predecessor-version":[{"id":78993,"href":"https:\/\/eldiariodesanpedro.com.ar\/sitio\/wp-json\/wp\/v2\/posts\/78907\/revisions\/78993"}],"wp:featuredmedia":[{"embeddable":true,"href":"https:\/\/eldiariodesanpedro.com.ar\/sitio\/wp-json\/wp\/v2\/media\/78139"}],"wp:attachment":[{"href":"https:\/\/eldiariodesanpedro.com.ar\/sitio\/wp-json\/wp\/v2\/media?parent=78907"}],"wp:term":[{"taxonomy":"category","embeddable":true,"href":"https:\/\/eldiariodesanpedro.com.ar\/sitio\/wp-json\/wp\/v2\/categories?post=78907"},{"taxonomy":"post_tag","embeddable":true,"href":"https:\/\/eldiariodesanpedro.com.ar\/sitio\/wp-json\/wp\/v2\/tags?post=78907"}],"curies":[{"name":"wp","href":"https:\/\/api.w.org\/{rel}","templated":true}]}}