{"id":78905,"date":"2020-08-04T16:45:47","date_gmt":"2020-08-04T19:45:47","guid":{"rendered":"https:\/\/eldiariodesanpedro.com.ar\/sitio\/?p=78905"},"modified":"2020-08-04T16:45:51","modified_gmt":"2020-08-04T19:45:51","slug":"desde-manana-los-consultorios-amarillos-atienden-en-ituzaingo-979","status":"publish","type":"post","link":"https:\/\/eldiariodesanpedro.com.ar\/sitio\/desde-manana-los-consultorios-amarillos-atienden-en-ituzaingo-979\/","title":{"rendered":"Desde ma\u00f1ana los consultorios amarillos atienden en Ituzaingo 979"},"content":{"rendered":"<!-- VideographyWP Plugin Message: Automatic video embedding prevented by plugin options. -->\n\n<p>Tal como fuera anunciado la semana pasada, desde ma\u00f1ana mi\u00e9rcoles 5 de agosto, los Consultorios Amarillos para casos sospechosos de Covid-19 comenzar\u00e1n a funcionar en los ex consultorios de OSPRERA, en Ituzaing\u00f3 979.<\/p>\n\n\n\n<p>Moment\u00e1neamente la atenci\u00f3n ser\u00e1 por orden de llegada, pero con mejores condiciones a las que ofrec\u00eda el sector destinado en el Hospital, necesarias ante el crecimiento de la demanda.<\/p>\n\n\n\n<p>De lunes a viernes de 9 a 12 y de 15 a 19 y los s\u00e1bados de 9 a 12, se trabajar\u00e1 con dos consultorios y una sala en la que se realizar\u00e1n extracciones e hisopados, siempre que el criterio m\u00e9dico de los facultativos que reciban cada consulta, as\u00ed lo determinen.<\/p>\n\n\n\n<p>Se recuerda que previamente, en caso de presentar s\u00edntomas, se puede realizar la consulta llamando al 107.<\/p>\n","protected":false},"excerpt":{"rendered":"<p>Tal como fuera anunciado la semana pasada, desde ma\u00f1ana mi\u00e9rcoles 5 de agosto, los Consultorios Amarillos para casos sospechosos de Covid-19 comenzar\u00e1n a funcionar en los ex consultorios de OSPRERA, en Ituzaing\u00f3 979. Moment\u00e1neamente la atenci\u00f3n ser\u00e1 por orden de llegada, pero con mejores condiciones a las que ofrec\u00eda el sector destinado en el Hospital, [&hellip;]<\/p>\n","protected":false},"author":4,"featured_media":78744,"comment_status":"open","ping_status":"closed","sticky":false,"template":"","format":"standard","meta":{"om_disable_all_campaigns":false,"_jetpack_memberships_contains_paid_content":false,"footnotes":""},"categories":[50,101,2],"tags":[197,696,33],"class_list":["post-78905","post","type-post","status-publish","format-standard","has-post-thumbnail","hentry","category-destacadas","category-interes-general-locales","category-locales","tag-buenos-aires","tag-interes-general","tag-locales"],"aioseo_notices":[],"gutentor_comment":0,"jetpack_featured_media_url":"https:\/\/eldiariodesanpedro.com.ar\/sitio\/wp-content\/uploads\/2020\/07\/WhatsApp-Image-2020-07-31-at-19.29.17.jpeg","jetpack_shortlink":"https:\/\/wp.me\/p6RhLt-kwF","jetpack_sharing_enabled":true,"_links":{"self":[{"href":"https:\/\/eldiariodesanpedro.com.ar\/sitio\/wp-json\/wp\/v2\/posts\/78905","targetHints":{"allow":["GET"]}}],"collection":[{"href":"https:\/\/eldiariodesanpedro.com.ar\/sitio\/wp-json\/wp\/v2\/posts"}],"about":[{"href":"https:\/\/eldiariodesanpedro.com.ar\/sitio\/wp-json\/wp\/v2\/types\/post"}],"author":[{"embeddable":true,"href":"https:\/\/eldiariodesanpedro.com.ar\/sitio\/wp-json\/wp\/v2\/users\/4"}],"replies":[{"embeddable":true,"href":"https:\/\/eldiariodesanpedro.com.ar\/sitio\/wp-json\/wp\/v2\/comments?post=78905"}],"version-history":[{"count":1,"href":"https:\/\/eldiariodesanpedro.com.ar\/sitio\/wp-json\/wp\/v2\/posts\/78905\/revisions"}],"predecessor-version":[{"id":78906,"href":"https:\/\/eldiariodesanpedro.com.ar\/sitio\/wp-json\/wp\/v2\/posts\/78905\/revisions\/78906"}],"wp:featuredmedia":[{"embeddable":true,"href":"https:\/\/eldiariodesanpedro.com.ar\/sitio\/wp-json\/wp\/v2\/media\/78744"}],"wp:attachment":[{"href":"https:\/\/eldiariodesanpedro.com.ar\/sitio\/wp-json\/wp\/v2\/media?parent=78905"}],"wp:term":[{"taxonomy":"category","embeddable":true,"href":"https:\/\/eldiariodesanpedro.com.ar\/sitio\/wp-json\/wp\/v2\/categories?post=78905"},{"taxonomy":"post_tag","embeddable":true,"href":"https:\/\/eldiariodesanpedro.com.ar\/sitio\/wp-json\/wp\/v2\/tags?post=78905"}],"curies":[{"name":"wp","href":"https:\/\/api.w.org\/{rel}","templated":true}]}}