{"id":78865,"date":"2020-08-04T10:30:52","date_gmt":"2020-08-04T13:30:52","guid":{"rendered":"https:\/\/eldiariodesanpedro.com.ar\/sitio\/?p=78865"},"modified":"2020-08-04T10:30:56","modified_gmt":"2020-08-04T13:30:56","slug":"procrear-2020-14-mil-viviendas-y-273-mil-creditos-para-refacciones","status":"publish","type":"post","link":"https:\/\/eldiariodesanpedro.com.ar\/sitio\/procrear-2020-14-mil-viviendas-y-273-mil-creditos-para-refacciones\/","title":{"rendered":"Procrear 2020: 14 mil viviendas y 273 mil cr\u00e9ditos para refacciones"},"content":{"rendered":"<!-- VideographyWP Plugin Message: Automatic video embedding prevented by plugin options. -->\n\n<p>El presidente&nbsp;Alberto Fern\u00e1ndez&nbsp;lanzar\u00e1 este martes el<strong>&nbsp;nuevo plan&nbsp;Procrear&nbsp;por el cual se prev\u00e9n construir 14 mil viviendas, otorgar 273 mil&nbsp;cr\u00e9ditos&nbsp;para refaccionar o ampliar propiedades y adjudicar 10 mil nuevos lotes con servicios en todo el pa\u00eds<\/strong>, a trav\u00e9s de una inversi\u00f3n de 25.000 millones de pesos durante 2020.Seg\u00fan se inform\u00f3, el anuncio oficial se realizar\u00e1 este martes a las 11.30 en la residencia de Olivos y est\u00e1 prevista la presencia de intendentes a trav\u00e9s de videoconferencia.<\/p>\n\n\n\n<p>De acuerdo con lo indicado por fuentes oficiales,&nbsp;<strong>mediante 9 l\u00edneas se construir\u00e1n 14 mil viviendas, se otorgar\u00e1n 273 mil cr\u00e9ditos para refacci\u00f3n y ampliaci\u00f3n, y ser\u00e1n adjudicados 10 mil nuevos lotes con servicios en todo el pa\u00eds.<\/strong><\/p>\n\n\n\n<p>En este caso, Procrear incluir\u00e1<strong>&nbsp;9 l\u00edneas que abarcan desde la adquisici\u00f3n de viviendas y el otorgamiento de cr\u00e9ditos para acceder a lotes con servicios a pr\u00e9stamos que permitan comprar materiales de&nbsp;construcci\u00f3n&nbsp;y contratar mano de obra para realizar refacciones en casas ya habitadas.<\/strong><\/p>\n\n\n\n<p>El Gobierno nacional busca recuperar y dar un nuevo impulso a una iniciativa federal que, siguiendo sus objetivos originales de 2012, busca reafirmar el rol del Estado en pol\u00edticas de planificaci\u00f3n urbana y de uso del suelo inclusivas.<\/p>\n\n\n\n<p>El objetivo del programa es dinamizar la industria de la construcci\u00f3n y no est\u00e1 previsto el otorgamiento de cr\u00e9ditos para la compra de viviendas ya levantadas.<\/p>\n\n\n\n<p>Con el lanzamiento del plan,<strong>&nbsp;estar\u00e1n abiertas dos l\u00edneas del programa, que son las destinadas a las reformas: microcr\u00e9ditos de $50.000 para peque\u00f1as mejoras (tanto para propietarios como para inquilinos) y otros de $100.000, $250.000 y $500.000 para refacciones.<\/strong><\/p>\n\n\n\n<p>Tambi\u00e9n est\u00e1 prevista la ampliaci\u00f3n del rango de salarios m\u00ednimos para participar del programa oficial:<strong>&nbsp;habr\u00e1 cuatro segmentos de ingresos que van desde 0,5 salarios m\u00ednimos (cerca de $8.500) -para acceder a los microcr\u00e9ditos para peque\u00f1as mejoras- hasta 4,5 salarios (casi $76.000).<\/strong><\/p>\n\n\n\n<p>En el acto se llevar\u00e1 a cabo la entrega de 11.000 viviendas del programa que quedaron sin terminar y la construcci\u00f3n de unas 34.000 viviendas para los pr\u00f3ximos a\u00f1os.<\/p>\n\n\n\n<p>Durante el fin de semana, la ministra de Desarrollo Territorial y H\u00e1bitat, Mar\u00eda Eugenia Bielsa, explic\u00f3 que \u201cel Procrear es un buen sello, muy potente, y va a volver a ser muy potente en manos de un Estado que entiende que el mercado financiero no reemplaza el rol del Estado, pero que podemos trabajar en conjunto\u201d.<\/p>\n\n\n\n<p>El Plan Procrear se complementar\u00e1 con un programa para acceder al terreno.<\/p>\n\n\n\n<p>Seg\u00fan estimaciones privadas, en el pa\u00eds m\u00e1s de 3 millones de familias -alrededor de un tercio de la poblaci\u00f3n- no tiene acceso a una vivienda adecuada.<\/p>\n\n\n\n<p><\/p>\n","protected":false},"excerpt":{"rendered":"<p>El presidente&nbsp;Alberto Fern\u00e1ndez&nbsp;lanzar\u00e1 este martes el&nbsp;nuevo plan&nbsp;Procrear&nbsp;por el cual se prev\u00e9n construir 14 mil viviendas, otorgar 273 mil&nbsp;cr\u00e9ditos&nbsp;para refaccionar o ampliar propiedades y adjudicar 10 mil nuevos lotes con servicios en todo el pa\u00eds, a trav\u00e9s de una inversi\u00f3n de 25.000 millones de pesos durante 2020.Seg\u00fan se inform\u00f3, el anuncio oficial se realizar\u00e1 este martes [&hellip;]<\/p>\n","protected":false},"author":4,"featured_media":78866,"comment_status":"open","ping_status":"closed","sticky":false,"template":"","format":"standard","meta":{"om_disable_all_campaigns":false,"_jetpack_memberships_contains_paid_content":false,"footnotes":""},"categories":[101,2],"tags":[681],"class_list":["post-78865","post","type-post","status-publish","format-standard","has-post-thumbnail","hentry","category-interes-general-locales","category-locales","tag-regionales"],"aioseo_notices":[],"gutentor_comment":0,"jetpack_featured_media_url":"https:\/\/eldiariodesanpedro.com.ar\/sitio\/wp-content\/uploads\/2020\/08\/0036212939.jpg","jetpack_shortlink":"https:\/\/wp.me\/p6RhLt-kw1","jetpack_sharing_enabled":true,"_links":{"self":[{"href":"https:\/\/eldiariodesanpedro.com.ar\/sitio\/wp-json\/wp\/v2\/posts\/78865","targetHints":{"allow":["GET"]}}],"collection":[{"href":"https:\/\/eldiariodesanpedro.com.ar\/sitio\/wp-json\/wp\/v2\/posts"}],"about":[{"href":"https:\/\/eldiariodesanpedro.com.ar\/sitio\/wp-json\/wp\/v2\/types\/post"}],"author":[{"embeddable":true,"href":"https:\/\/eldiariodesanpedro.com.ar\/sitio\/wp-json\/wp\/v2\/users\/4"}],"replies":[{"embeddable":true,"href":"https:\/\/eldiariodesanpedro.com.ar\/sitio\/wp-json\/wp\/v2\/comments?post=78865"}],"version-history":[{"count":1,"href":"https:\/\/eldiariodesanpedro.com.ar\/sitio\/wp-json\/wp\/v2\/posts\/78865\/revisions"}],"predecessor-version":[{"id":78867,"href":"https:\/\/eldiariodesanpedro.com.ar\/sitio\/wp-json\/wp\/v2\/posts\/78865\/revisions\/78867"}],"wp:featuredmedia":[{"embeddable":true,"href":"https:\/\/eldiariodesanpedro.com.ar\/sitio\/wp-json\/wp\/v2\/media\/78866"}],"wp:attachment":[{"href":"https:\/\/eldiariodesanpedro.com.ar\/sitio\/wp-json\/wp\/v2\/media?parent=78865"}],"wp:term":[{"taxonomy":"category","embeddable":true,"href":"https:\/\/eldiariodesanpedro.com.ar\/sitio\/wp-json\/wp\/v2\/categories?post=78865"},{"taxonomy":"post_tag","embeddable":true,"href":"https:\/\/eldiariodesanpedro.com.ar\/sitio\/wp-json\/wp\/v2\/tags?post=78865"}],"curies":[{"name":"wp","href":"https:\/\/api.w.org\/{rel}","templated":true}]}}