{"id":78839,"date":"2020-08-03T19:38:00","date_gmt":"2020-08-03T22:38:00","guid":{"rendered":"https:\/\/eldiariodesanpedro.com.ar\/sitio\/?p=78839"},"modified":"2020-08-03T19:38:02","modified_gmt":"2020-08-03T22:38:02","slug":"campana-covid-19-del-quedate-en-casa-al-viva-la-pepa","status":"publish","type":"post","link":"https:\/\/eldiariodesanpedro.com.ar\/sitio\/campana-covid-19-del-quedate-en-casa-al-viva-la-pepa\/","title":{"rendered":"CAMPANA | COVID-19: Del \u00abquedate en casa\u00bb al \u00abviva la pepa\u00bb"},"content":{"rendered":"<!-- VideographyWP Plugin Message: Automatic video embedding prevented by plugin options. -->\n\n<p>Las dos caras de la nueva etapa de distanciamiento social responsable. Las temperaturas agradables sacaron a la familia a los espacios p\u00fablicos. Muchos con barbijo, otros tantos no. Gran concurrencia en la Costanera. Y en la zona del Campito, m\u00fasica fuerte, motos a mil, \u201ccortes\u201d y decenas de rodados secuestrados.<\/p>\n\n\n\n<p>Domingo. Sol y veintipico de grados. Una prueba de fuego para los campanenses en este nuevo contexto de distanciamiento social y responsable. Un paso m\u00e1s del aislamiento social, preventivo y obligatorio. El resultado amerita el debate.<\/p>\n\n\n\n<p>En lo que todos estamos de acuerdo, es que una gran cantidad de gente sali\u00f3 a la calle, y eligi\u00f3 los espacios p\u00fablicos y las principales avenidas de la ciudad para pasear. La gran mayor\u00eda luc\u00eda su barbijo o tapaboca, seg\u00fan un relevamiento efectuado. Tambi\u00e9n fue notoria la ausencia de dicha medida preventiva en los chicos, a\u00fan cuando sus padres o mayores lo llevaban.<\/p>\n\n\n\n<p>El distanciamiento tambi\u00e9n fue otra de las recomendaciones dif\u00edciles de evaluar. Sin embargo, seg\u00fan pudimos observar a un costado de la Panamericana, lugar donde mucha gente suele juntarse para pasar la tarde los fines de semana, nada parec\u00eda cumplirse en su mayor\u00eda.<\/p>\n\n\n\n<p>Mientras en la Costanera una gran cantidad de personas disfrutaba del r\u00edo y se lamentaba por la prohibici\u00f3n de pesca (no est\u00e1 contemplada como actividad recreativa), los problemas y las denuncias vecinales ven\u00edan de la zona del Campito de Siderca. All\u00ed, m\u00fasica a niveles elevados, motos tirando \u201ccortes\u201d y algunas piruetas, atentaron contra la calma habitual del sector. De hecho, personal de Tr\u00e1nsito Municipal, junto a polic\u00eda e Infanter\u00eda, montaron un operativo y secuestraron decenas de motos.<\/p>\n\n\n\n<p>Las Av. Rocca y Mitre, con gente caminando bajo un sol sumamente agradable. Colas en las helader\u00edas (en un momento se suspendieron los deliverys), y un panorama al menos preocupante. Porque entre los muchos que cumplen con las recomendaciones de las autoridades sanitarias (tapabocas, distanciamiento e higiene) conviven aquellos a los que nada les importa, ni la salud del otro ni mucho menos la propia.<\/p>\n\n\n\n<p>P\u00e1rrafo aparte las reuniones sociales puertas adentro, las cuales y seg\u00fan especialistas, pueden constituir el peor foco de contagio. Pese a que en nuestra Ciudad nunca estuvieron permitidas, el Gobierno Nacional anunci\u00f3 una suspensi\u00f3n por 15 d\u00edas de dichos encuentros, ante la preocupaci\u00f3n del crecimiento en la curva de contagios, que esta semana super\u00f3 los 6000 casos diarios.<\/p>\n\n\n\n<p>Ante este panorama, el verdadero desaf\u00edo pareciera no estar en el avance de Fase, sino en el sostenimiento y continuidad de las actividades hasta aqu\u00ed logradas, en especial aquellas econ\u00f3micas que no solo brindan respuesta a las necesidades de los usuarios y consumidores, sino significan un alivio para productores y comerciantes. En otras palabras, cuidar lo que tenemos y no abusar. Y ante la ausencia de la \u201cresponsabilidad individual\u201d, la presencia de \u201ccontroles y sanciones\u201d. No sea cosa que por querer escalar a Fase 5, terminemos cayendo a la 3.<\/p>\n\n\n\n<p>Fuente: <a href=\"https:\/\/www.campananoticias.com\/noticia\/62413\/covid-19-del-quedateencasa-al-vivalapepa\">Campana Noticias<\/a><\/p>\n","protected":false},"excerpt":{"rendered":"<p>Las dos caras de la nueva etapa de distanciamiento social responsable. Las temperaturas agradables sacaron a la familia a los espacios p\u00fablicos. Muchos con barbijo, otros tantos no. Gran concurrencia en la Costanera. Y en la zona del Campito, m\u00fasica fuerte, motos a mil, \u201ccortes\u201d y decenas de rodados secuestrados. Domingo. Sol y veintipico de [&hellip;]<\/p>\n","protected":false},"author":4,"featured_media":78840,"comment_status":"open","ping_status":"closed","sticky":false,"template":"","format":"standard","meta":{"om_disable_all_campaigns":false,"_jetpack_memberships_contains_paid_content":false,"footnotes":""},"categories":[621],"tags":[197,686,681],"class_list":["post-78839","post","type-post","status-publish","format-standard","has-post-thumbnail","hentry","category-regionales","tag-buenos-aires","tag-campana-2","tag-regionales"],"aioseo_notices":[],"gutentor_comment":0,"jetpack_featured_media_url":"https:\/\/eldiariodesanpedro.com.ar\/sitio\/wp-content\/uploads\/2020\/08\/20200802101352.jpeg","jetpack_shortlink":"https:\/\/wp.me\/p6RhLt-kvB","jetpack_sharing_enabled":true,"_links":{"self":[{"href":"https:\/\/eldiariodesanpedro.com.ar\/sitio\/wp-json\/wp\/v2\/posts\/78839","targetHints":{"allow":["GET"]}}],"collection":[{"href":"https:\/\/eldiariodesanpedro.com.ar\/sitio\/wp-json\/wp\/v2\/posts"}],"about":[{"href":"https:\/\/eldiariodesanpedro.com.ar\/sitio\/wp-json\/wp\/v2\/types\/post"}],"author":[{"embeddable":true,"href":"https:\/\/eldiariodesanpedro.com.ar\/sitio\/wp-json\/wp\/v2\/users\/4"}],"replies":[{"embeddable":true,"href":"https:\/\/eldiariodesanpedro.com.ar\/sitio\/wp-json\/wp\/v2\/comments?post=78839"}],"version-history":[{"count":1,"href":"https:\/\/eldiariodesanpedro.com.ar\/sitio\/wp-json\/wp\/v2\/posts\/78839\/revisions"}],"predecessor-version":[{"id":78841,"href":"https:\/\/eldiariodesanpedro.com.ar\/sitio\/wp-json\/wp\/v2\/posts\/78839\/revisions\/78841"}],"wp:featuredmedia":[{"embeddable":true,"href":"https:\/\/eldiariodesanpedro.com.ar\/sitio\/wp-json\/wp\/v2\/media\/78840"}],"wp:attachment":[{"href":"https:\/\/eldiariodesanpedro.com.ar\/sitio\/wp-json\/wp\/v2\/media?parent=78839"}],"wp:term":[{"taxonomy":"category","embeddable":true,"href":"https:\/\/eldiariodesanpedro.com.ar\/sitio\/wp-json\/wp\/v2\/categories?post=78839"},{"taxonomy":"post_tag","embeddable":true,"href":"https:\/\/eldiariodesanpedro.com.ar\/sitio\/wp-json\/wp\/v2\/tags?post=78839"}],"curies":[{"name":"wp","href":"https:\/\/api.w.org\/{rel}","templated":true}]}}