{"id":78836,"date":"2020-08-03T19:35:26","date_gmt":"2020-08-03T22:35:26","guid":{"rendered":"https:\/\/eldiariodesanpedro.com.ar\/sitio\/?p=78836"},"modified":"2020-08-03T19:35:29","modified_gmt":"2020-08-03T22:35:29","slug":"campana-covid-19-como-fueron-los-primeros-dias-de-campana-y-zarate-en-fase-4","status":"publish","type":"post","link":"https:\/\/eldiariodesanpedro.com.ar\/sitio\/campana-covid-19-como-fueron-los-primeros-dias-de-campana-y-zarate-en-fase-4\/","title":{"rendered":"CAMPANA | COVID-19: \u00bfC\u00f3mo fueron los primeros d\u00edas de Campana y Z\u00e1rate en \u201cFase 4\u201d?"},"content":{"rendered":"<!-- VideographyWP Plugin Message: Automatic video embedding prevented by plugin options. -->\n\n<p>Ambos Municipios ingresaron a la nueva modalidad del aislamiento social preventivo y obligatorio dispuesto por las Autoridades y, m\u00e1s all\u00e1 de la cercan\u00eda geogr\u00e1fica, corresponden a un mismo Departamento Judicial y Regi\u00f3n Sanitaria.<\/p>\n\n\n\n<p>No es caprichoso el an\u00e1lisis. De hecho, es solamente eso, un estudio de n\u00fameros ofrecidos oficial y p\u00fablicamente por las Autoridades Sanitarias de ambos Municipios, al transitar sus primeros d\u00edas en \u201cFase 4\u201d.<\/p>\n\n\n\n<p>\u00bfPor qu\u00e9 Campana y Z\u00e1rate en el an\u00e1lisis comparativo?<\/p>\n\n\n\n<p>Porque ambos Municipios ingresaron a la nueva modalidad del aislamiento social preventivo y obligatorio dispuesto por las Autoridades el mismo d\u00eda (lunes 20 de julio), porque antes se encontraban en la misma Fase (la 3) y, m\u00e1s all\u00e1 de la cercan\u00eda geogr\u00e1fica, corresponden a un mismo Departamento Judicial y Regi\u00f3n Sanitaria (V).<\/p>\n\n\n\n<p>El&nbsp;<em><strong>Cuadro de Situaci\u00f3n del COVID-19<\/strong><\/em>&nbsp;(desde el inicio de la pandemia y&nbsp;<strong><em>hasta el lunes 20 de julio inclusive<\/em><\/strong>) estableci\u00f3:<\/p>\n\n\n\n<p>&#8211;&nbsp;<strong>Campana<\/strong>: 283 Casos Positivos totales; 168 Casos Recuperados y 9 Fallecidos.<\/p>\n\n\n\n<p>&#8211;&nbsp;<strong>Z\u00e1rate<\/strong>: 270 Casos Positivos totales; 203 Casos Recuperados y 6 Fallecidos.<\/p>\n\n\n\n<p>Los registros desde el parte del&nbsp;<em><strong>martes 21 al viernes 31 de julio<\/strong><\/em>&nbsp;(inclusive), cuando&nbsp;<strong><em>ambos Municipios coincidieron en el ingreso a \u201cFase 4\u201d<\/em><\/strong>, establecieron:<\/p>\n\n\n\n<p>&#8211;&nbsp;<strong>Campana<\/strong>: 68 Casos Positivos totales; 103 Casos Recuperados y 3 Fallecidos.<\/p>\n\n\n\n<p>&#8211;&nbsp;<strong>Z\u00e1rate<\/strong>: 103 Casos Positivos totales; 69 Casos Recuperados y 2 Fallecidos.<\/p>\n\n\n\n<p>Es por ello que el&nbsp;<em><strong>total acumulado<\/strong><strong>&nbsp;(desde el inicio de la pandemia y hasta el d\u00eda 31)<\/strong><\/em>&nbsp;fue el siguiente:<\/p>\n\n\n\n<p>&#8211;&nbsp;<strong>Campana<\/strong>: 351 Casos Positivos totales; 271 Casos Recuperados y 12 Fallecidos.<\/p>\n\n\n\n<p>&#8211;&nbsp;<strong>Z\u00e1rate<\/strong>: 373 Casos Positivos totales; 272 Casos Recuperados y 8 Fallecidos.<\/p>\n\n\n\n<p>Usted, amigo lector de&nbsp;<em><strong>CampanaNoticias<\/strong><\/em>, podr\u00e1 preguntarse y preguntarnos: \u00bfPor qu\u00e9 no los comparamos con Exaltaci\u00f3n de la Cruz y\/o Escobar?, ya que tambi\u00e9n estar\u00edan en cercan\u00eda geogr\u00e1fica y en el mismo Departamento Judicial y en la misma Regi\u00f3n Sanitaria V.<\/p>\n\n\n\n<p>La respuesta es que tanto los&nbsp;<strong><em>escobarenses<\/em><\/strong>&nbsp;(total desde el inicio de la pandemia y hasta el 31 de julio: 1.597 Casos Positivos; 696 Casos Recuperados y 42 Fallecidos), como los&nbsp;<em><strong>exaltacrucenses<\/strong><\/em>&nbsp;(total desde el inicio de la pandemia y hasta el 31 de julio: 117 Casos Positivos; 68 Casos Recuperados y 5 Fallecidos), por su condici\u00f3n sanitaria, no se encuentran en la \u201cFase 4\u201d y&nbsp;<strong><em>permanecen en \u201cFase 3\u201d<\/em><\/strong>.<\/p>\n\n\n\n<p>Cuando ellos tengan la posibilidad de mejorar su situaci\u00f3n e ingresen a la \u201cFase 4\u201d, all\u00ed comparar\u00edamos sus primeros d\u00edas con el mismo per\u00edodo de campanenses y zarate\u00f1os.<\/p>\n\n\n\n<p>Fuente: <a href=\"https:\/\/www.campananoticias.com\/noticia\/62409\/covid-19-cmo-fueron-los-primeros-das-de-campana-y-zrate-en-fase-4\">Campana Noticias<\/a><\/p>\n","protected":false},"excerpt":{"rendered":"<p>Ambos Municipios ingresaron a la nueva modalidad del aislamiento social preventivo y obligatorio dispuesto por las Autoridades y, m\u00e1s all\u00e1 de la cercan\u00eda geogr\u00e1fica, corresponden a un mismo Departamento Judicial y Regi\u00f3n Sanitaria. No es caprichoso el an\u00e1lisis. De hecho, es solamente eso, un estudio de n\u00fameros ofrecidos oficial y p\u00fablicamente por las Autoridades Sanitarias [&hellip;]<\/p>\n","protected":false},"author":4,"featured_media":78837,"comment_status":"open","ping_status":"closed","sticky":false,"template":"","format":"standard","meta":{"om_disable_all_campaigns":false,"_jetpack_memberships_contains_paid_content":false,"footnotes":""},"categories":[621],"tags":[197,686,681],"class_list":["post-78836","post","type-post","status-publish","format-standard","has-post-thumbnail","hentry","category-regionales","tag-buenos-aires","tag-campana-2","tag-regionales"],"aioseo_notices":[],"gutentor_comment":0,"jetpack_featured_media_url":"https:\/\/eldiariodesanpedro.com.ar\/sitio\/wp-content\/uploads\/2020\/08\/20200803115851.jpg","jetpack_shortlink":"https:\/\/wp.me\/p6RhLt-kvy","jetpack_sharing_enabled":true,"_links":{"self":[{"href":"https:\/\/eldiariodesanpedro.com.ar\/sitio\/wp-json\/wp\/v2\/posts\/78836","targetHints":{"allow":["GET"]}}],"collection":[{"href":"https:\/\/eldiariodesanpedro.com.ar\/sitio\/wp-json\/wp\/v2\/posts"}],"about":[{"href":"https:\/\/eldiariodesanpedro.com.ar\/sitio\/wp-json\/wp\/v2\/types\/post"}],"author":[{"embeddable":true,"href":"https:\/\/eldiariodesanpedro.com.ar\/sitio\/wp-json\/wp\/v2\/users\/4"}],"replies":[{"embeddable":true,"href":"https:\/\/eldiariodesanpedro.com.ar\/sitio\/wp-json\/wp\/v2\/comments?post=78836"}],"version-history":[{"count":1,"href":"https:\/\/eldiariodesanpedro.com.ar\/sitio\/wp-json\/wp\/v2\/posts\/78836\/revisions"}],"predecessor-version":[{"id":78838,"href":"https:\/\/eldiariodesanpedro.com.ar\/sitio\/wp-json\/wp\/v2\/posts\/78836\/revisions\/78838"}],"wp:featuredmedia":[{"embeddable":true,"href":"https:\/\/eldiariodesanpedro.com.ar\/sitio\/wp-json\/wp\/v2\/media\/78837"}],"wp:attachment":[{"href":"https:\/\/eldiariodesanpedro.com.ar\/sitio\/wp-json\/wp\/v2\/media?parent=78836"}],"wp:term":[{"taxonomy":"category","embeddable":true,"href":"https:\/\/eldiariodesanpedro.com.ar\/sitio\/wp-json\/wp\/v2\/categories?post=78836"},{"taxonomy":"post_tag","embeddable":true,"href":"https:\/\/eldiariodesanpedro.com.ar\/sitio\/wp-json\/wp\/v2\/tags?post=78836"}],"curies":[{"name":"wp","href":"https:\/\/api.w.org\/{rel}","templated":true}]}}