{"id":78830,"date":"2020-08-03T19:24:52","date_gmt":"2020-08-03T22:24:52","guid":{"rendered":"https:\/\/eldiariodesanpedro.com.ar\/sitio\/?p=78830"},"modified":"2020-08-03T19:24:55","modified_gmt":"2020-08-03T22:24:55","slug":"arrecifes-el-humo-de-los-incendios-en-el-delta-llego-a-la-ciudad","status":"publish","type":"post","link":"https:\/\/eldiariodesanpedro.com.ar\/sitio\/arrecifes-el-humo-de-los-incendios-en-el-delta-llego-a-la-ciudad\/","title":{"rendered":"ARRECIFES | El humo de los incendios en el delta lleg\u00f3 a la ciudad"},"content":{"rendered":"<!-- VideographyWP Plugin Message: Automatic video embedding prevented by plugin options. -->\n\n<p>El humo y el olor a quemado que inundaron hoy la ciudad de Arrecifes tienen su origen en los grandes incendios de pastizales en el Delta del sur entrerriano. Esta situaci\u00f3n (gravemente aumentada por la cercan\u00eda) es sufrida desde hace m\u00e1s de un mes por la ciudad de Rosario.<\/p>\n\n\n\n<p>El jefe del Cuerpo de Bomberos Voluntarios de Arrecifes, Fernando Ciongo, confirm\u00f3 el origen del humo que flota sobre nuestra ciudad y que llega por el viento proveniente del norte, que aument\u00f3 notablemente la temperatura.<\/p>\n\n\n\n<p>Seg\u00fan inform\u00f3 el Gobierno bonaerense por medio del Organismo Provincial para el Desarrollo Sostenible, el humo provino de grandes incendios de pastizales provocados en la zona de las islas del Delta del R\u00edo Paran\u00e1, en el l\u00edmite entre Buenos Aires y Entre R\u00edos. \u201cSe origin\u00f3 en esa zona y el viento ayud\u00f3 a que el humo se viera y se sintiera olor a quemado en distintos barrios\u201d.<\/p>\n\n\n\n<p>Fuente: <a href=\"https:\/\/arrecifesnoticias.com\/interes-general\/el-humo-de-los-incendios-en-el-delta-llego-a-arrecifes\/\">Arrecifes Noticias<\/a><\/p>\n","protected":false},"excerpt":{"rendered":"<p>El humo y el olor a quemado que inundaron hoy la ciudad de Arrecifes tienen su origen en los grandes incendios de pastizales en el Delta del sur entrerriano. Esta situaci\u00f3n (gravemente aumentada por la cercan\u00eda) es sufrida desde hace m\u00e1s de un mes por la ciudad de Rosario. El jefe del Cuerpo de Bomberos [&hellip;]<\/p>\n","protected":false},"author":4,"featured_media":78831,"comment_status":"open","ping_status":"closed","sticky":false,"template":"","format":"standard","meta":{"om_disable_all_campaigns":false,"_jetpack_memberships_contains_paid_content":false,"footnotes":""},"categories":[621],"tags":[681],"class_list":["post-78830","post","type-post","status-publish","format-standard","has-post-thumbnail","hentry","category-regionales","tag-regionales"],"aioseo_notices":[],"gutentor_comment":0,"jetpack_featured_media_url":"https:\/\/eldiariodesanpedro.com.ar\/sitio\/wp-content\/uploads\/2020\/08\/Incendio-Delta-766x510-1.jpg","jetpack_shortlink":"https:\/\/wp.me\/p6RhLt-kvs","jetpack_sharing_enabled":true,"_links":{"self":[{"href":"https:\/\/eldiariodesanpedro.com.ar\/sitio\/wp-json\/wp\/v2\/posts\/78830","targetHints":{"allow":["GET"]}}],"collection":[{"href":"https:\/\/eldiariodesanpedro.com.ar\/sitio\/wp-json\/wp\/v2\/posts"}],"about":[{"href":"https:\/\/eldiariodesanpedro.com.ar\/sitio\/wp-json\/wp\/v2\/types\/post"}],"author":[{"embeddable":true,"href":"https:\/\/eldiariodesanpedro.com.ar\/sitio\/wp-json\/wp\/v2\/users\/4"}],"replies":[{"embeddable":true,"href":"https:\/\/eldiariodesanpedro.com.ar\/sitio\/wp-json\/wp\/v2\/comments?post=78830"}],"version-history":[{"count":1,"href":"https:\/\/eldiariodesanpedro.com.ar\/sitio\/wp-json\/wp\/v2\/posts\/78830\/revisions"}],"predecessor-version":[{"id":78832,"href":"https:\/\/eldiariodesanpedro.com.ar\/sitio\/wp-json\/wp\/v2\/posts\/78830\/revisions\/78832"}],"wp:featuredmedia":[{"embeddable":true,"href":"https:\/\/eldiariodesanpedro.com.ar\/sitio\/wp-json\/wp\/v2\/media\/78831"}],"wp:attachment":[{"href":"https:\/\/eldiariodesanpedro.com.ar\/sitio\/wp-json\/wp\/v2\/media?parent=78830"}],"wp:term":[{"taxonomy":"category","embeddable":true,"href":"https:\/\/eldiariodesanpedro.com.ar\/sitio\/wp-json\/wp\/v2\/categories?post=78830"},{"taxonomy":"post_tag","embeddable":true,"href":"https:\/\/eldiariodesanpedro.com.ar\/sitio\/wp-json\/wp\/v2\/tags?post=78830"}],"curies":[{"name":"wp","href":"https:\/\/api.w.org\/{rel}","templated":true}]}}