{"id":78824,"date":"2020-08-03T18:32:51","date_gmt":"2020-08-03T21:32:51","guid":{"rendered":"https:\/\/eldiariodesanpedro.com.ar\/sitio\/?p=78824"},"modified":"2020-08-03T18:32:54","modified_gmt":"2020-08-03T21:32:54","slug":"se-produjo-un-accidente-de-transito-entre-un-automovil-y-un-camion","status":"publish","type":"post","link":"https:\/\/eldiariodesanpedro.com.ar\/sitio\/se-produjo-un-accidente-de-transito-entre-un-automovil-y-un-camion\/","title":{"rendered":"Se produjo un accidente de transito entre un autom\u00f3vil y un cami\u00f3n"},"content":{"rendered":"<!-- VideographyWP Plugin Message: Automatic video embedding prevented by plugin options. -->\n\n<p>En la jornada de este lunes pasadas las 17 hs se produjo un accidente de transito en donde un hombre mayor de edad fue trasladado al nosocomio local.<\/p>\n\n\n\n<p>El siniestro ocurri\u00f3 en la esquina de las calles Estrada y Camino al Aeroclub donde un autom\u00f3vil marca Volkswagen Fox color blanco colisiono de frente contra un cami\u00f3n Mercedes.<\/p>\n\n\n\n<p>En el automovil circulaba un hombre de 77 a\u00f1os de edad que estuvo siendo socorrido por vecinos y permanecio sentado hasta la llegada de la ambulancia.<\/p>\n\n\n\n<p>Afortunadamente fue trasladado para realizarle solo controles por que aparentemente no sufri\u00f3 ninguna clase de herida por llevar el cintur\u00f3n de seguridad puesto.<\/p>\n\n\n\n<figure class=\"wp-block-image size-large\"><img decoding=\"async\" width=\"1024\" height=\"498\" data-attachment-id=\"78825\" data-permalink=\"https:\/\/eldiariodesanpedro.com.ar\/sitio\/se-produjo-un-accidente-de-transito-entre-un-automovil-y-un-camion\/whatsapp-image-2020-08-03-at-18-04-07-1\/\" data-orig-file=\"https:\/\/eldiariodesanpedro.com.ar\/sitio\/wp-content\/uploads\/2020\/08\/WhatsApp-Image-2020-08-03-at-18.04.07-1.jpeg\" data-orig-size=\"1280,622\" data-comments-opened=\"1\" data-image-meta=\"{&quot;aperture&quot;:&quot;0&quot;,&quot;credit&quot;:&quot;&quot;,&quot;camera&quot;:&quot;&quot;,&quot;caption&quot;:&quot;&quot;,&quot;created_timestamp&quot;:&quot;0&quot;,&quot;copyright&quot;:&quot;&quot;,&quot;focal_length&quot;:&quot;0&quot;,&quot;iso&quot;:&quot;0&quot;,&quot;shutter_speed&quot;:&quot;0&quot;,&quot;title&quot;:&quot;&quot;,&quot;orientation&quot;:&quot;0&quot;}\" data-image-title=\"WhatsApp Image 2020-08-03 at 18.04.07 (1)\" data-image-description=\"\" data-image-caption=\"\" data-large-file=\"https:\/\/eldiariodesanpedro.com.ar\/sitio\/wp-content\/uploads\/2020\/08\/WhatsApp-Image-2020-08-03-at-18.04.07-1-1024x498.jpeg\" data-src=\"https:\/\/eldiariodesanpedro.com.ar\/sitio\/wp-content\/uploads\/2020\/08\/WhatsApp-Image-2020-08-03-at-18.04.07-1-1024x498.jpeg\" alt=\"\" class=\"wp-image-78825 lazyload\" data-srcset=\"https:\/\/eldiariodesanpedro.com.ar\/sitio\/wp-content\/uploads\/2020\/08\/WhatsApp-Image-2020-08-03-at-18.04.07-1-1024x498.jpeg 1024w, https:\/\/eldiariodesanpedro.com.ar\/sitio\/wp-content\/uploads\/2020\/08\/WhatsApp-Image-2020-08-03-at-18.04.07-1-300x146.jpeg 300w, https:\/\/eldiariodesanpedro.com.ar\/sitio\/wp-content\/uploads\/2020\/08\/WhatsApp-Image-2020-08-03-at-18.04.07-1-768x373.jpeg 768w, https:\/\/eldiariodesanpedro.com.ar\/sitio\/wp-content\/uploads\/2020\/08\/WhatsApp-Image-2020-08-03-at-18.04.07-1.jpeg 1280w\" data-sizes=\"(max-width: 1024px) 100vw, 1024px\" src=\"data:image\/svg+xml;base64,PHN2ZyB3aWR0aD0iMSIgaGVpZ2h0PSIxIiB4bWxucz0iaHR0cDovL3d3dy53My5vcmcvMjAwMC9zdmciPjwvc3ZnPg==\" style=\"--smush-placeholder-width: 1024px; --smush-placeholder-aspect-ratio: 1024\/498;\" \/><\/figure>\n\n\n\n<figure class=\"wp-block-image size-large\"><img decoding=\"async\" width=\"1024\" height=\"498\" data-attachment-id=\"78826\" data-permalink=\"https:\/\/eldiariodesanpedro.com.ar\/sitio\/se-produjo-un-accidente-de-transito-entre-un-automovil-y-un-camion\/whatsapp-image-2020-08-03-at-18-04-07\/\" data-orig-file=\"https:\/\/eldiariodesanpedro.com.ar\/sitio\/wp-content\/uploads\/2020\/08\/WhatsApp-Image-2020-08-03-at-18.04.07.jpeg\" data-orig-size=\"1280,622\" data-comments-opened=\"1\" data-image-meta=\"{&quot;aperture&quot;:&quot;0&quot;,&quot;credit&quot;:&quot;&quot;,&quot;camera&quot;:&quot;&quot;,&quot;caption&quot;:&quot;&quot;,&quot;created_timestamp&quot;:&quot;0&quot;,&quot;copyright&quot;:&quot;&quot;,&quot;focal_length&quot;:&quot;0&quot;,&quot;iso&quot;:&quot;0&quot;,&quot;shutter_speed&quot;:&quot;0&quot;,&quot;title&quot;:&quot;&quot;,&quot;orientation&quot;:&quot;0&quot;}\" data-image-title=\"WhatsApp Image 2020-08-03 at 18.04.07\" data-image-description=\"\" data-image-caption=\"\" data-large-file=\"https:\/\/eldiariodesanpedro.com.ar\/sitio\/wp-content\/uploads\/2020\/08\/WhatsApp-Image-2020-08-03-at-18.04.07-1024x498.jpeg\" data-src=\"https:\/\/eldiariodesanpedro.com.ar\/sitio\/wp-content\/uploads\/2020\/08\/WhatsApp-Image-2020-08-03-at-18.04.07-1024x498.jpeg\" alt=\"\" class=\"wp-image-78826 lazyload\" data-srcset=\"https:\/\/eldiariodesanpedro.com.ar\/sitio\/wp-content\/uploads\/2020\/08\/WhatsApp-Image-2020-08-03-at-18.04.07-1024x498.jpeg 1024w, https:\/\/eldiariodesanpedro.com.ar\/sitio\/wp-content\/uploads\/2020\/08\/WhatsApp-Image-2020-08-03-at-18.04.07-300x146.jpeg 300w, https:\/\/eldiariodesanpedro.com.ar\/sitio\/wp-content\/uploads\/2020\/08\/WhatsApp-Image-2020-08-03-at-18.04.07-768x373.jpeg 768w, https:\/\/eldiariodesanpedro.com.ar\/sitio\/wp-content\/uploads\/2020\/08\/WhatsApp-Image-2020-08-03-at-18.04.07.jpeg 1280w\" data-sizes=\"(max-width: 1024px) 100vw, 1024px\" src=\"data:image\/svg+xml;base64,PHN2ZyB3aWR0aD0iMSIgaGVpZ2h0PSIxIiB4bWxucz0iaHR0cDovL3d3dy53My5vcmcvMjAwMC9zdmciPjwvc3ZnPg==\" style=\"--smush-placeholder-width: 1024px; --smush-placeholder-aspect-ratio: 1024\/498;\" \/><\/figure>\n","protected":false},"excerpt":{"rendered":"<p>En la jornada de este lunes pasadas las 17 hs se produjo un accidente de transito en donde un hombre mayor de edad fue trasladado al nosocomio local. El siniestro ocurri\u00f3 en la esquina de las calles Estrada y Camino al Aeroclub donde un autom\u00f3vil marca Volkswagen Fox color blanco colisiono de frente contra un [&hellip;]<\/p>\n","protected":false},"author":4,"featured_media":78827,"comment_status":"open","ping_status":"closed","sticky":false,"template":"","format":"standard","meta":{"om_disable_all_campaigns":false,"_jetpack_memberships_contains_paid_content":false,"footnotes":""},"categories":[50,2,103],"tags":[197,33,95],"class_list":["post-78824","post","type-post","status-publish","format-standard","has-post-thumbnail","hentry","category-destacadas","category-locales","category-policiales-locales","tag-buenos-aires","tag-locales","tag-policiales"],"aioseo_notices":[],"gutentor_comment":0,"jetpack_featured_media_url":"https:\/\/eldiariodesanpedro.com.ar\/sitio\/wp-content\/uploads\/2020\/08\/WhatsApp-Image-2020-08-03-at-18.04.08.jpeg","jetpack_shortlink":"https:\/\/wp.me\/p6RhLt-kvm","jetpack_sharing_enabled":true,"_links":{"self":[{"href":"https:\/\/eldiariodesanpedro.com.ar\/sitio\/wp-json\/wp\/v2\/posts\/78824","targetHints":{"allow":["GET"]}}],"collection":[{"href":"https:\/\/eldiariodesanpedro.com.ar\/sitio\/wp-json\/wp\/v2\/posts"}],"about":[{"href":"https:\/\/eldiariodesanpedro.com.ar\/sitio\/wp-json\/wp\/v2\/types\/post"}],"author":[{"embeddable":true,"href":"https:\/\/eldiariodesanpedro.com.ar\/sitio\/wp-json\/wp\/v2\/users\/4"}],"replies":[{"embeddable":true,"href":"https:\/\/eldiariodesanpedro.com.ar\/sitio\/wp-json\/wp\/v2\/comments?post=78824"}],"version-history":[{"count":1,"href":"https:\/\/eldiariodesanpedro.com.ar\/sitio\/wp-json\/wp\/v2\/posts\/78824\/revisions"}],"predecessor-version":[{"id":78828,"href":"https:\/\/eldiariodesanpedro.com.ar\/sitio\/wp-json\/wp\/v2\/posts\/78824\/revisions\/78828"}],"wp:featuredmedia":[{"embeddable":true,"href":"https:\/\/eldiariodesanpedro.com.ar\/sitio\/wp-json\/wp\/v2\/media\/78827"}],"wp:attachment":[{"href":"https:\/\/eldiariodesanpedro.com.ar\/sitio\/wp-json\/wp\/v2\/media?parent=78824"}],"wp:term":[{"taxonomy":"category","embeddable":true,"href":"https:\/\/eldiariodesanpedro.com.ar\/sitio\/wp-json\/wp\/v2\/categories?post=78824"},{"taxonomy":"post_tag","embeddable":true,"href":"https:\/\/eldiariodesanpedro.com.ar\/sitio\/wp-json\/wp\/v2\/tags?post=78824"}],"curies":[{"name":"wp","href":"https:\/\/api.w.org\/{rel}","templated":true}]}}