{"id":78817,"date":"2020-08-03T11:46:29","date_gmt":"2020-08-03T14:46:29","guid":{"rendered":"https:\/\/eldiariodesanpedro.com.ar\/sitio\/?p=78817"},"modified":"2020-08-03T11:46:31","modified_gmt":"2020-08-03T14:46:31","slug":"coronavirus-el-director-del-hospital-sualdea-fue-hisopado-y-aislado","status":"publish","type":"post","link":"https:\/\/eldiariodesanpedro.com.ar\/sitio\/coronavirus-el-director-del-hospital-sualdea-fue-hisopado-y-aislado\/","title":{"rendered":"Coronavirus: El director del hospital Sualdea fue hisopado y aislado"},"content":{"rendered":"<!-- VideographyWP Plugin Message: Automatic video embedding prevented by plugin options. -->\n\n<p>En la ma\u00f1ana de este lunes se conoci\u00f3 la informaci\u00f3n que el Director de Nosocomio local de nuestra ciudad fue aislado e hisopado por presentar s\u00edntomas compatibles con coronavirus.<\/p>\n\n\n\n<p>El Dr. javier Sualdea Director del Hospital Emilio Ruffa fue hisopado y aislado en en el mismo nosocomio quedando al cuida de los profesionales ya que este present\u00f3 altas temperaturas y dolores corporales compatibles con covid 19.<\/p>\n\n\n\n<p>En la jornada de domingo se envi\u00f3 la muestra hacia el instituto maiztegui y se encuentran a la espera del resultado.<\/p>\n\n\n\n<p>Recordemos que en las \u00faltimas semanas un total de 12 profesionales de la salud dieron positivos en el centro asistencial.<\/p>\n","protected":false},"excerpt":{"rendered":"<p>En la ma\u00f1ana de este lunes se conoci\u00f3 la informaci\u00f3n que el Director de Nosocomio local de nuestra ciudad fue aislado e hisopado por presentar s\u00edntomas compatibles con coronavirus. El Dr. javier Sualdea Director del Hospital Emilio Ruffa fue hisopado y aislado en en el mismo nosocomio quedando al cuida de los profesionales ya que [&hellip;]<\/p>\n","protected":false},"author":4,"featured_media":78818,"comment_status":"open","ping_status":"closed","sticky":false,"template":"","format":"standard","meta":{"om_disable_all_campaigns":false,"_jetpack_memberships_contains_paid_content":false,"footnotes":""},"categories":[50,101,2],"tags":[197,696,33],"class_list":["post-78817","post","type-post","status-publish","format-standard","has-post-thumbnail","hentry","category-destacadas","category-interes-general-locales","category-locales","tag-buenos-aires","tag-interes-general","tag-locales"],"aioseo_notices":[],"gutentor_comment":0,"jetpack_featured_media_url":"https:\/\/eldiariodesanpedro.com.ar\/sitio\/wp-content\/uploads\/2020\/08\/pers_Javier_Sualdea050315719538.jpg","jetpack_shortlink":"https:\/\/wp.me\/p6RhLt-kvf","jetpack_sharing_enabled":true,"_links":{"self":[{"href":"https:\/\/eldiariodesanpedro.com.ar\/sitio\/wp-json\/wp\/v2\/posts\/78817","targetHints":{"allow":["GET"]}}],"collection":[{"href":"https:\/\/eldiariodesanpedro.com.ar\/sitio\/wp-json\/wp\/v2\/posts"}],"about":[{"href":"https:\/\/eldiariodesanpedro.com.ar\/sitio\/wp-json\/wp\/v2\/types\/post"}],"author":[{"embeddable":true,"href":"https:\/\/eldiariodesanpedro.com.ar\/sitio\/wp-json\/wp\/v2\/users\/4"}],"replies":[{"embeddable":true,"href":"https:\/\/eldiariodesanpedro.com.ar\/sitio\/wp-json\/wp\/v2\/comments?post=78817"}],"version-history":[{"count":1,"href":"https:\/\/eldiariodesanpedro.com.ar\/sitio\/wp-json\/wp\/v2\/posts\/78817\/revisions"}],"predecessor-version":[{"id":78819,"href":"https:\/\/eldiariodesanpedro.com.ar\/sitio\/wp-json\/wp\/v2\/posts\/78817\/revisions\/78819"}],"wp:featuredmedia":[{"embeddable":true,"href":"https:\/\/eldiariodesanpedro.com.ar\/sitio\/wp-json\/wp\/v2\/media\/78818"}],"wp:attachment":[{"href":"https:\/\/eldiariodesanpedro.com.ar\/sitio\/wp-json\/wp\/v2\/media?parent=78817"}],"wp:term":[{"taxonomy":"category","embeddable":true,"href":"https:\/\/eldiariodesanpedro.com.ar\/sitio\/wp-json\/wp\/v2\/categories?post=78817"},{"taxonomy":"post_tag","embeddable":true,"href":"https:\/\/eldiariodesanpedro.com.ar\/sitio\/wp-json\/wp\/v2\/tags?post=78817"}],"curies":[{"name":"wp","href":"https:\/\/api.w.org\/{rel}","templated":true}]}}