{"id":78813,"date":"2020-08-03T11:33:47","date_gmt":"2020-08-03T14:33:47","guid":{"rendered":"https:\/\/eldiariodesanpedro.com.ar\/sitio\/?p=78813"},"modified":"2020-08-03T11:33:50","modified_gmt":"2020-08-03T14:33:50","slug":"san-pedro-continua-en-fase-4-a-pesar-de-la-gran-cantidad-de-casos","status":"publish","type":"post","link":"https:\/\/eldiariodesanpedro.com.ar\/sitio\/san-pedro-continua-en-fase-4-a-pesar-de-la-gran-cantidad-de-casos\/","title":{"rendered":"San Pedro continua en Fase 4 a pesar de la gran cantidad de casos"},"content":{"rendered":"<!-- VideographyWP Plugin Message: Automatic video embedding prevented by plugin options. -->\n\n<p>De esta manera lo informo en la jornada de hoy el Gobierno Provincial quien a trav\u00e9s de un comunicado se informo la situaci\u00f3n de nuestra ciudad con respecto a la cuarentena.<\/p>\n\n\n\n<p>San Pedro contin\u00faa en fase 4, por lo que no se modificar\u00e1, por el momento, el esquema actual de apertura de comercios y salidas de esparcimiento, entre otras 129 excepciones autorizadas.De todos modos, se aguardan las resoluciones que adopte la Municipalidad para reglamentar el funcionamiento en el distrito.\u00a0<\/p>\n\n\n<a href=\"https:\/\/eldiariodesanpedro.com.ar\/sitio\/wp-content\/uploads\/2020\/08\/IF-2020-15945048-GDEBA-DPLYTMJGM.pdf\" class=\"pdfemb-viewer\" style=\"\" data-width=\"max\" data-height=\"max\" data-toolbar=\"bottom\" data-toolbar-fixed=\"off\">IF-2020-15945048-GDEBA-DPLYTMJGM<\/a>\n<p class=\"wp-block-pdfemb-pdf-embedder-viewer\"><\/p>\n\n\n\n<p><\/p>\n","protected":false},"excerpt":{"rendered":"<p>De esta manera lo informo en la jornada de hoy el Gobierno Provincial quien a trav\u00e9s de un comunicado se informo la situaci\u00f3n de nuestra ciudad con respecto a la cuarentena. San Pedro contin\u00faa en fase 4, por lo que no se modificar\u00e1, por el momento, el esquema actual de apertura de comercios y salidas [&hellip;]<\/p>\n","protected":false},"author":4,"featured_media":78704,"comment_status":"open","ping_status":"closed","sticky":false,"template":"","format":"standard","meta":{"om_disable_all_campaigns":false,"_jetpack_memberships_contains_paid_content":false,"footnotes":""},"categories":[50,101,2],"tags":[197,1406,696,33,19],"class_list":["post-78813","post","type-post","status-publish","format-standard","has-post-thumbnail","hentry","category-destacadas","category-interes-general-locales","category-locales","tag-buenos-aires","tag-fase-4","tag-interes-general","tag-locales","tag-san-pedro"],"aioseo_notices":[],"gutentor_comment":0,"jetpack_featured_media_url":"https:\/\/eldiariodesanpedro.com.ar\/sitio\/wp-content\/uploads\/2020\/07\/WhatsApp-Image-2020-07-31-at-18.11.37-4.jpeg","jetpack_shortlink":"https:\/\/wp.me\/p6RhLt-kvb","jetpack_sharing_enabled":true,"_links":{"self":[{"href":"https:\/\/eldiariodesanpedro.com.ar\/sitio\/wp-json\/wp\/v2\/posts\/78813","targetHints":{"allow":["GET"]}}],"collection":[{"href":"https:\/\/eldiariodesanpedro.com.ar\/sitio\/wp-json\/wp\/v2\/posts"}],"about":[{"href":"https:\/\/eldiariodesanpedro.com.ar\/sitio\/wp-json\/wp\/v2\/types\/post"}],"author":[{"embeddable":true,"href":"https:\/\/eldiariodesanpedro.com.ar\/sitio\/wp-json\/wp\/v2\/users\/4"}],"replies":[{"embeddable":true,"href":"https:\/\/eldiariodesanpedro.com.ar\/sitio\/wp-json\/wp\/v2\/comments?post=78813"}],"version-history":[{"count":2,"href":"https:\/\/eldiariodesanpedro.com.ar\/sitio\/wp-json\/wp\/v2\/posts\/78813\/revisions"}],"predecessor-version":[{"id":78816,"href":"https:\/\/eldiariodesanpedro.com.ar\/sitio\/wp-json\/wp\/v2\/posts\/78813\/revisions\/78816"}],"wp:featuredmedia":[{"embeddable":true,"href":"https:\/\/eldiariodesanpedro.com.ar\/sitio\/wp-json\/wp\/v2\/media\/78704"}],"wp:attachment":[{"href":"https:\/\/eldiariodesanpedro.com.ar\/sitio\/wp-json\/wp\/v2\/media?parent=78813"}],"wp:term":[{"taxonomy":"category","embeddable":true,"href":"https:\/\/eldiariodesanpedro.com.ar\/sitio\/wp-json\/wp\/v2\/categories?post=78813"},{"taxonomy":"post_tag","embeddable":true,"href":"https:\/\/eldiariodesanpedro.com.ar\/sitio\/wp-json\/wp\/v2\/tags?post=78813"}],"curies":[{"name":"wp","href":"https:\/\/api.w.org\/{rel}","templated":true}]}}