{"id":78795,"date":"2020-08-02T11:33:23","date_gmt":"2020-08-02T14:33:23","guid":{"rendered":"https:\/\/eldiariodesanpedro.com.ar\/sitio\/?p=78795"},"modified":"2020-08-02T11:33:26","modified_gmt":"2020-08-02T14:33:26","slug":"nicolas-cava-nadie-busca-estar-asi-nadie-busca-pasar-por-esto","status":"publish","type":"post","link":"https:\/\/eldiariodesanpedro.com.ar\/sitio\/nicolas-cava-nadie-busca-estar-asi-nadie-busca-pasar-por-esto\/","title":{"rendered":"Nicol\u00e1s Cava: \u201cNadie busca estar as\u00ed, nadie busca pasar por esto\u201d"},"content":{"rendered":"<!-- VideographyWP Plugin Message: Automatic video embedding prevented by plugin options. -->\n\n<p>El ambulanciero del servicio Same es uno de los casos positivos diagnosticados entre el personal de la salud. En el aire de FM G\u00e9nesis cont\u00f3 c\u00f3mo se siente e hizo referencia al rol de las redes sociales en este tipo de circunstancias y c\u00f3mo se comunica.<\/p>\n\n\n\n<p>Con la personalidad que lo caracteriza, Nicol\u00e1s Cava le hace frente al trance que le toca atravesar. El ambulanciero del servicio Same y Bombero del cuartel central fue diagnosticado con Covid positivo y tras permanecer internado dos d\u00edas en la cl\u00ednica privada San Pedro seguir\u00e1 aislado pero en su domicilio ya que present\u00f3 una buna evoluci\u00f3n.\u00a0<\/p>\n\n\n\n<p>\u201cEstoy bien, rem\u00e1ndola\u201d, cont\u00f3 Cava en el aire de FM G\u00e9nesis. \u201cLlevarse una sorpresa como esta no es nada agradable\u201d, agreg\u00f3.<\/p>\n\n\n\n<p>\u201cAnte estos casos hay mucha contenci\u00f3n pero el estar aislado y lejos de la familia hace que el d\u00eda sea de 50 horas, se hace muy largo todo\u201d.<\/p>\n\n\n\n<p>\u201cTengo muy pocos s\u00edntomas y solo queda esperar que pasen los d\u00edas para superar todo esto\u201d, manifest\u00f3 en ambulanciero.<\/p>\n\n\n\n<p>Sobre c\u00f3mo contrajo el virus se\u00f1al\u00f3 que: \u201cNo tengo certezas adonde me contagi\u00e9 pero la guardia del hospital est\u00e1 prendida fuego, y yo no hago m\u00e1s que ir de mi casa al laburo y del laburo a mi casa, trataba de no andar por otros lados por todo esto\u201d.<\/p>\n\n\n\n<p>\u201cNadie busca estar as\u00ed, nadie busca pasar por esto\u201d, afirm\u00f3.<\/p>\n\n\n\n<p>\u201cSoy asintom\u00e1tico, me sent\u00eda bien pero cuando me dijeron que ten\u00eda neumon\u00eda bilateral y que me iban a internar no lo dud\u00e9. No ten\u00eda dificultades ni nada pero de un momento al otro se puede complicar\u201d, resalt\u00f3.<\/p>\n\n\n\n<p>Sobre algunas publicaciones y versiones inexactas sobre su verdadero estado de salud y que provocaron preocupaci\u00f3n en su entorno, Nicol\u00e1s Cava se\u00f1al\u00f3: \u201cUno tiene familia y habr\u00eda que ver c\u00f3mo se comunican las cosas. Deber\u00edan ser m\u00e1s prudente, se deber\u00eda manejar de otra manera\u201d, advirti\u00f3. \u201cTrato de no meterme mucho en lo que es redes sociales porque no me quiero quemar mucho la cabeza\u201d.<\/p>\n\n\n\n<p>Fuente: <a href=\"https:\/\/www.sanpedroinforma.com.ar\/nota\/123539\/sociedad\/nicolas-cava-nadie-busca-estar-asi-nadie-busca-pasar-por-esto.html\">San Pedro Informa<\/a><\/p>\n","protected":false},"excerpt":{"rendered":"<p>El ambulanciero del servicio Same es uno de los casos positivos diagnosticados entre el personal de la salud. En el aire de FM G\u00e9nesis cont\u00f3 c\u00f3mo se siente e hizo referencia al rol de las redes sociales en este tipo de circunstancias y c\u00f3mo se comunica. Con la personalidad que lo caracteriza, Nicol\u00e1s Cava le [&hellip;]<\/p>\n","protected":false},"author":4,"featured_media":78796,"comment_status":"open","ping_status":"closed","sticky":false,"template":"","format":"standard","meta":{"om_disable_all_campaigns":false,"_jetpack_memberships_contains_paid_content":false,"footnotes":""},"categories":[50,101,2],"tags":[197,696,33],"class_list":["post-78795","post","type-post","status-publish","format-standard","has-post-thumbnail","hentry","category-destacadas","category-interes-general-locales","category-locales","tag-buenos-aires","tag-interes-general","tag-locales"],"aioseo_notices":[],"gutentor_comment":0,"jetpack_featured_media_url":"https:\/\/eldiariodesanpedro.com.ar\/sitio\/wp-content\/uploads\/2020\/08\/000085957.jpg","jetpack_shortlink":"https:\/\/wp.me\/p6RhLt-kuT","jetpack_sharing_enabled":true,"_links":{"self":[{"href":"https:\/\/eldiariodesanpedro.com.ar\/sitio\/wp-json\/wp\/v2\/posts\/78795","targetHints":{"allow":["GET"]}}],"collection":[{"href":"https:\/\/eldiariodesanpedro.com.ar\/sitio\/wp-json\/wp\/v2\/posts"}],"about":[{"href":"https:\/\/eldiariodesanpedro.com.ar\/sitio\/wp-json\/wp\/v2\/types\/post"}],"author":[{"embeddable":true,"href":"https:\/\/eldiariodesanpedro.com.ar\/sitio\/wp-json\/wp\/v2\/users\/4"}],"replies":[{"embeddable":true,"href":"https:\/\/eldiariodesanpedro.com.ar\/sitio\/wp-json\/wp\/v2\/comments?post=78795"}],"version-history":[{"count":1,"href":"https:\/\/eldiariodesanpedro.com.ar\/sitio\/wp-json\/wp\/v2\/posts\/78795\/revisions"}],"predecessor-version":[{"id":78797,"href":"https:\/\/eldiariodesanpedro.com.ar\/sitio\/wp-json\/wp\/v2\/posts\/78795\/revisions\/78797"}],"wp:featuredmedia":[{"embeddable":true,"href":"https:\/\/eldiariodesanpedro.com.ar\/sitio\/wp-json\/wp\/v2\/media\/78796"}],"wp:attachment":[{"href":"https:\/\/eldiariodesanpedro.com.ar\/sitio\/wp-json\/wp\/v2\/media?parent=78795"}],"wp:term":[{"taxonomy":"category","embeddable":true,"href":"https:\/\/eldiariodesanpedro.com.ar\/sitio\/wp-json\/wp\/v2\/categories?post=78795"},{"taxonomy":"post_tag","embeddable":true,"href":"https:\/\/eldiariodesanpedro.com.ar\/sitio\/wp-json\/wp\/v2\/tags?post=78795"}],"curies":[{"name":"wp","href":"https:\/\/api.w.org\/{rel}","templated":true}]}}