{"id":78788,"date":"2020-08-02T11:21:56","date_gmt":"2020-08-02T14:21:56","guid":{"rendered":"https:\/\/eldiariodesanpedro.com.ar\/sitio\/?p=78788"},"modified":"2020-08-02T11:22:00","modified_gmt":"2020-08-02T14:22:00","slug":"ponemos-pausa","status":"publish","type":"post","link":"https:\/\/eldiariodesanpedro.com.ar\/sitio\/ponemos-pausa\/","title":{"rendered":"Ponemos Pausa"},"content":{"rendered":"<!-- VideographyWP Plugin Message: Automatic video embedding prevented by plugin options. -->\n\n<p>Son d\u00edas en los que lo m\u00e1s importante es la salud y la tranquilidad de todos. Sabemos que nuestra fiesta es una oportunidad de encuentro y alegr\u00eda para mucha gente, de nuestra ciudad y de diferentes puntos del pa\u00eds y del mundo.<\/p>\n\n\n\n<p>Despu\u00e9s de esperar lo suficiente como para no apresurarnos y a\u00fan con una grilla que ya estaba resuelta para tres d\u00edas de m\u00fasica y baile con m\u00e1s de 80 artistas, es momento de confirmar nuestra \u00abpausa\u00bb.<br>Pateamos \u00abel sombrero y las botas para adelante\u00bb, con un sincero agradecimiento a los m\u00fasicos y a quienes siempre est\u00e1n dispuestos a hacer una parte de lo que requiere esta gran movida.<\/p>\n\n\n\n<p>Suele ser dif\u00edcil valorar lo local, lleva mucho tiempo, pero sabemos de la potencia de esta fiesta 100% sampedrina, que con el tiempo inspir\u00f3 a iniciativas similares en el resto del pa\u00eds, e incluso actividades paralelas en nuestra propia ciudad y en el mismo fin de semana.<\/p>\n\n\n\n<p>En este 2020 espantoso, que ya nos quit\u00f3 unas cuantas cosas buenas, no tendremos fiesta. La prioridad indiscutida es cuidar a los m\u00e1s expuestos al riesgo sanitario; valorar y proteger a nuestro querido SAN PEDRO, y esperar a que las condiciones cambien.<\/p>\n\n\n\n<p>S\u00f3lo cuando las autorizaciones sean plenas y seguras, volveremos a analizar la posibilidad de la 17\u00ba (decimos\u00e9ptima) edici\u00f3n del San Pedro Country Music Festival.<\/p>\n\n\n\n<p>\u00bfSer\u00e1 en Septiembre del 2021? \u00bfTendr\u00e1 una versi\u00f3n m\u00e1s acotada antes? \u00bfHaremos doblete el a\u00f1o que viene? \u00bfQuedar\u00e1 en la historia? Hoy, nadie puede saberlo.<\/p>\n\n\n\n<p>Desde los motores fundamentales de esta fiesta Country2.com, Ultra Comunicaci\u00f3n y LRS727 Estaci\u00f3n San Pedro 88.7, seguiremos proponiendo comunicaci\u00f3n y entretenimiento todos los d\u00edas, buscando el apoyo de quienes deseen acompa\u00f1arnos. Son tiempos muy dif\u00edciles para todos, pero lejos de lamentarnos, los invitamos a seguir conectados, y considerar nuestras iniciativas.<\/p>\n\n\n\n<p>Deseamos reencontrarnos muy pronto en el que tal vez resulte, fuera de los eventos tradicionales de la ciudad y en feriados, EL \u00daNICO ESPECT\u00c1CULO GRATUITO que se ha mantenido sin interrupciones, movilizando el turismo y el comercio de la regi\u00f3n, en una fecha, hasta el 2003, era s\u00f3lo el \u00faltimo fin de semana del mes de la Primavera.<\/p>\n\n\n\n<p>Enviamos un enorme agradecimiento a los artistas que ya hab\u00edan confirmado ser parte de la edici\u00f3n 2020, a la Municipalidad de San Pedro y especialmente a la Direcci\u00f3n de Turismo, a Independencia F\u00fatbol Club, a la Embajada de Estados Unidos en Argentina, a los sponsors que siempre est\u00e1n y al equipo de trabajo que responder\u00e1 r\u00e1pidamente cuando tengamos logo, fecha y lugar para una nueva marat\u00f3n de m\u00fasica, baile y alegr\u00eda.<\/p>\n\n\n\n<p>Continuar\u00e1\u2026<\/p>\n\n\n\n<p>Producci\u00f3n<br>San Pedro Country Music Festival<\/p>\n","protected":false},"excerpt":{"rendered":"<p>Son d\u00edas en los que lo m\u00e1s importante es la salud y la tranquilidad de todos. Sabemos que nuestra fiesta es una oportunidad de encuentro y alegr\u00eda para mucha gente, de nuestra ciudad y de diferentes puntos del pa\u00eds y del mundo. Despu\u00e9s de esperar lo suficiente como para no apresurarnos y a\u00fan con una [&hellip;]<\/p>\n","protected":false},"author":4,"featured_media":78789,"comment_status":"open","ping_status":"closed","sticky":false,"template":"","format":"standard","meta":{"om_disable_all_campaigns":false,"_jetpack_memberships_contains_paid_content":false,"footnotes":""},"categories":[101,2],"tags":[197,696,33],"class_list":["post-78788","post","type-post","status-publish","format-standard","has-post-thumbnail","hentry","category-interes-general-locales","category-locales","tag-buenos-aires","tag-interes-general","tag-locales"],"aioseo_notices":[],"gutentor_comment":0,"jetpack_featured_media_url":"https:\/\/eldiariodesanpedro.com.ar\/sitio\/wp-content\/uploads\/2020\/08\/WhatsApp-Image-2020-08-02-at-11.13.24.jpeg","jetpack_shortlink":"https:\/\/wp.me\/p6RhLt-kuM","jetpack_sharing_enabled":true,"_links":{"self":[{"href":"https:\/\/eldiariodesanpedro.com.ar\/sitio\/wp-json\/wp\/v2\/posts\/78788","targetHints":{"allow":["GET"]}}],"collection":[{"href":"https:\/\/eldiariodesanpedro.com.ar\/sitio\/wp-json\/wp\/v2\/posts"}],"about":[{"href":"https:\/\/eldiariodesanpedro.com.ar\/sitio\/wp-json\/wp\/v2\/types\/post"}],"author":[{"embeddable":true,"href":"https:\/\/eldiariodesanpedro.com.ar\/sitio\/wp-json\/wp\/v2\/users\/4"}],"replies":[{"embeddable":true,"href":"https:\/\/eldiariodesanpedro.com.ar\/sitio\/wp-json\/wp\/v2\/comments?post=78788"}],"version-history":[{"count":1,"href":"https:\/\/eldiariodesanpedro.com.ar\/sitio\/wp-json\/wp\/v2\/posts\/78788\/revisions"}],"predecessor-version":[{"id":78790,"href":"https:\/\/eldiariodesanpedro.com.ar\/sitio\/wp-json\/wp\/v2\/posts\/78788\/revisions\/78790"}],"wp:featuredmedia":[{"embeddable":true,"href":"https:\/\/eldiariodesanpedro.com.ar\/sitio\/wp-json\/wp\/v2\/media\/78789"}],"wp:attachment":[{"href":"https:\/\/eldiariodesanpedro.com.ar\/sitio\/wp-json\/wp\/v2\/media?parent=78788"}],"wp:term":[{"taxonomy":"category","embeddable":true,"href":"https:\/\/eldiariodesanpedro.com.ar\/sitio\/wp-json\/wp\/v2\/categories?post=78788"},{"taxonomy":"post_tag","embeddable":true,"href":"https:\/\/eldiariodesanpedro.com.ar\/sitio\/wp-json\/wp\/v2\/tags?post=78788"}],"curies":[{"name":"wp","href":"https:\/\/api.w.org\/{rel}","templated":true}]}}