{"id":78785,"date":"2020-08-01T21:24:55","date_gmt":"2020-08-02T00:24:55","guid":{"rendered":"https:\/\/eldiariodesanpedro.com.ar\/sitio\/?p=78785"},"modified":"2020-08-01T21:24:58","modified_gmt":"2020-08-02T00:24:58","slug":"se-clausuraron-dos-bares-tras-denuncias-por-no-respetar-los-protocolos","status":"publish","type":"post","link":"https:\/\/eldiariodesanpedro.com.ar\/sitio\/se-clausuraron-dos-bares-tras-denuncias-por-no-respetar-los-protocolos\/","title":{"rendered":"Se clausuraron dos bares tras denuncias por no respetar los protocolos"},"content":{"rendered":"<!-- VideographyWP Plugin Message: Automatic video embedding prevented by plugin options. -->\n\n<p>En la jornada de hoy se realizaron 2 clausuras por parte la Direcci\u00f3n de Inspecci\u00f3n con la colaboraci\u00f3n de la polic\u00eda local.<\/p>\n\n\n\n<p>Seg\u00fan lo informo Guillermo Sancho en la noche de este s\u00e1bado en conferencia de prensa sobre la clausura de dos bares, uno de ellos ubicado en calle Saavedra y Miguel Porta por exceder el factor ocupacional, y el otro en calle Independencia y Chivilcoy por falta de habilitaci\u00f3n municipal, en ambos casos se hicieron presentes en los lugares las autoridades tras una denuncia telef\u00f3nica an\u00f3nima por violar los protocolos establecidos para la apertura de los mismos. <\/p>\n","protected":false},"excerpt":{"rendered":"<p>En la jornada de hoy se realizaron 2 clausuras por parte la Direcci\u00f3n de Inspecci\u00f3n con la colaboraci\u00f3n de la polic\u00eda local. Seg\u00fan lo informo Guillermo Sancho en la noche de este s\u00e1bado en conferencia de prensa sobre la clausura de dos bares, uno de ellos ubicado en calle Saavedra y Miguel Porta por exceder [&hellip;]<\/p>\n","protected":false},"author":4,"featured_media":78786,"comment_status":"open","ping_status":"closed","sticky":false,"template":"","format":"standard","meta":{"om_disable_all_campaigns":false,"_jetpack_memberships_contains_paid_content":false,"footnotes":""},"categories":[101,2],"tags":[197,696,33,95,19],"class_list":["post-78785","post","type-post","status-publish","format-standard","has-post-thumbnail","hentry","category-interes-general-locales","category-locales","tag-buenos-aires","tag-interes-general","tag-locales","tag-policiales","tag-san-pedro"],"aioseo_notices":[],"gutentor_comment":0,"jetpack_featured_media_url":"https:\/\/eldiariodesanpedro.com.ar\/sitio\/wp-content\/uploads\/2020\/08\/WhatsApp-Image-2020-08-01-at-21.13.06.jpeg","jetpack_shortlink":"https:\/\/wp.me\/p6RhLt-kuJ","jetpack_sharing_enabled":true,"_links":{"self":[{"href":"https:\/\/eldiariodesanpedro.com.ar\/sitio\/wp-json\/wp\/v2\/posts\/78785","targetHints":{"allow":["GET"]}}],"collection":[{"href":"https:\/\/eldiariodesanpedro.com.ar\/sitio\/wp-json\/wp\/v2\/posts"}],"about":[{"href":"https:\/\/eldiariodesanpedro.com.ar\/sitio\/wp-json\/wp\/v2\/types\/post"}],"author":[{"embeddable":true,"href":"https:\/\/eldiariodesanpedro.com.ar\/sitio\/wp-json\/wp\/v2\/users\/4"}],"replies":[{"embeddable":true,"href":"https:\/\/eldiariodesanpedro.com.ar\/sitio\/wp-json\/wp\/v2\/comments?post=78785"}],"version-history":[{"count":1,"href":"https:\/\/eldiariodesanpedro.com.ar\/sitio\/wp-json\/wp\/v2\/posts\/78785\/revisions"}],"predecessor-version":[{"id":78787,"href":"https:\/\/eldiariodesanpedro.com.ar\/sitio\/wp-json\/wp\/v2\/posts\/78785\/revisions\/78787"}],"wp:featuredmedia":[{"embeddable":true,"href":"https:\/\/eldiariodesanpedro.com.ar\/sitio\/wp-json\/wp\/v2\/media\/78786"}],"wp:attachment":[{"href":"https:\/\/eldiariodesanpedro.com.ar\/sitio\/wp-json\/wp\/v2\/media?parent=78785"}],"wp:term":[{"taxonomy":"category","embeddable":true,"href":"https:\/\/eldiariodesanpedro.com.ar\/sitio\/wp-json\/wp\/v2\/categories?post=78785"},{"taxonomy":"post_tag","embeddable":true,"href":"https:\/\/eldiariodesanpedro.com.ar\/sitio\/wp-json\/wp\/v2\/tags?post=78785"}],"curies":[{"name":"wp","href":"https:\/\/api.w.org\/{rel}","templated":true}]}}