{"id":78779,"date":"2020-08-01T13:41:44","date_gmt":"2020-08-01T16:41:44","guid":{"rendered":"https:\/\/eldiariodesanpedro.com.ar\/sitio\/?p=78779"},"modified":"2020-08-01T13:41:47","modified_gmt":"2020-08-01T16:41:47","slug":"campana-intentan-desalojar-una-propiedad-donde-funciona-un-comedor-solidario","status":"publish","type":"post","link":"https:\/\/eldiariodesanpedro.com.ar\/sitio\/campana-intentan-desalojar-una-propiedad-donde-funciona-un-comedor-solidario\/","title":{"rendered":"CAMPANA | Intentan desalojar una propiedad donde funciona un comedor solidario"},"content":{"rendered":"<!-- VideographyWP Plugin Message: Automatic video embedding prevented by plugin options. -->\n\n<p>El lugar se encuentra en sucesi\u00f3n dijeron los responsables del movimiento social que ocupa la propiedad de Col\u00f3n al 200, y aseguran contar con permiso de al menos dos de los due\u00f1os. Otros de los propietarios intentaron recuperar el lugar y los desmintieron. Tuvo que intervenir la polic\u00eda.<\/p>\n\n\n\n<p>Un intento de desalojo tuvo lugar ayer en una propiedad de calle Col\u00f3n al 200, cuando el representante legal de una empresa que dec\u00eda ser propietaria del lugar, intent\u00f3 desalojar a un grupo de personas que integran all\u00ed realizan un comedor y merendero solidario.<\/p>\n\n\n\n<p>En los restos de una vivienda, miembros de una organizaci\u00f3n denominada \u00abDignidad y Solidaridad\u00bb, aseguran estar trabajando all\u00ed desde principios de a\u00f1o pr\u00e1cticamente, contando con el supuesto aval de dos de los due\u00f1os de la propiedad.<\/p>\n\n\n\n<p>No obstante, quien se present\u00f3 como apoderado del resto de la parte titular, junto con una instructora Fiscal, habr\u00eda ingresado al lugar ordenando el retiro de la gente. M\u00e1s de una docena de personas se negaron a desalojar, y el clima se fue endureciendo.<\/p>\n\n\n\n<p>Finalmente, intervino la polic\u00eda y se radic\u00f3 la correspondiente denuncia. Seg\u00fan informaron los ocupantes del predio, el lugar se encuentra en sucesi\u00f3n (algo que fue desmentido por la contraparte) y habitualmente asisten a m\u00e1s de un centenar de personas con alimentos, los fines de semana.<\/p>\n\n\n\n<p>Fuente: <a href=\"https:\/\/www.campananoticias.com\/noticia\/62383\/intentan-desalojar-una-propiedad-donde-funciona-un-comedor-solidario\">Campana noticias<\/a><\/p>\n","protected":false},"excerpt":{"rendered":"<p>El lugar se encuentra en sucesi\u00f3n dijeron los responsables del movimiento social que ocupa la propiedad de Col\u00f3n al 200, y aseguran contar con permiso de al menos dos de los due\u00f1os. Otros de los propietarios intentaron recuperar el lugar y los desmintieron. Tuvo que intervenir la polic\u00eda. Un intento de desalojo tuvo lugar ayer [&hellip;]<\/p>\n","protected":false},"author":4,"featured_media":78780,"comment_status":"open","ping_status":"closed","sticky":false,"template":"","format":"standard","meta":{"om_disable_all_campaigns":false,"_jetpack_memberships_contains_paid_content":false,"footnotes":""},"categories":[621],"tags":[197,686,681],"class_list":["post-78779","post","type-post","status-publish","format-standard","has-post-thumbnail","hentry","category-regionales","tag-buenos-aires","tag-campana-2","tag-regionales"],"aioseo_notices":[],"gutentor_comment":0,"jetpack_featured_media_url":"https:\/\/eldiariodesanpedro.com.ar\/sitio\/wp-content\/uploads\/2020\/08\/20200801095736.jpeg","jetpack_shortlink":"https:\/\/wp.me\/p6RhLt-kuD","jetpack_sharing_enabled":true,"_links":{"self":[{"href":"https:\/\/eldiariodesanpedro.com.ar\/sitio\/wp-json\/wp\/v2\/posts\/78779","targetHints":{"allow":["GET"]}}],"collection":[{"href":"https:\/\/eldiariodesanpedro.com.ar\/sitio\/wp-json\/wp\/v2\/posts"}],"about":[{"href":"https:\/\/eldiariodesanpedro.com.ar\/sitio\/wp-json\/wp\/v2\/types\/post"}],"author":[{"embeddable":true,"href":"https:\/\/eldiariodesanpedro.com.ar\/sitio\/wp-json\/wp\/v2\/users\/4"}],"replies":[{"embeddable":true,"href":"https:\/\/eldiariodesanpedro.com.ar\/sitio\/wp-json\/wp\/v2\/comments?post=78779"}],"version-history":[{"count":1,"href":"https:\/\/eldiariodesanpedro.com.ar\/sitio\/wp-json\/wp\/v2\/posts\/78779\/revisions"}],"predecessor-version":[{"id":78781,"href":"https:\/\/eldiariodesanpedro.com.ar\/sitio\/wp-json\/wp\/v2\/posts\/78779\/revisions\/78781"}],"wp:featuredmedia":[{"embeddable":true,"href":"https:\/\/eldiariodesanpedro.com.ar\/sitio\/wp-json\/wp\/v2\/media\/78780"}],"wp:attachment":[{"href":"https:\/\/eldiariodesanpedro.com.ar\/sitio\/wp-json\/wp\/v2\/media?parent=78779"}],"wp:term":[{"taxonomy":"category","embeddable":true,"href":"https:\/\/eldiariodesanpedro.com.ar\/sitio\/wp-json\/wp\/v2\/categories?post=78779"},{"taxonomy":"post_tag","embeddable":true,"href":"https:\/\/eldiariodesanpedro.com.ar\/sitio\/wp-json\/wp\/v2\/tags?post=78779"}],"curies":[{"name":"wp","href":"https:\/\/api.w.org\/{rel}","templated":true}]}}