{"id":78773,"date":"2020-08-01T13:04:40","date_gmt":"2020-08-01T16:04:40","guid":{"rendered":"https:\/\/eldiariodesanpedro.com.ar\/sitio\/?p=78773"},"modified":"2020-08-01T13:04:42","modified_gmt":"2020-08-01T16:04:42","slug":"arrecifes-desalojaron-una-fiesta-privada","status":"publish","type":"post","link":"https:\/\/eldiariodesanpedro.com.ar\/sitio\/arrecifes-desalojaron-una-fiesta-privada\/","title":{"rendered":"ARRECIFES | Desalojaron una fiesta privada"},"content":{"rendered":"<!-- VideographyWP Plugin Message: Automatic video embedding prevented by plugin options. -->\n\n<p>En los \u00faltimos d\u00edas, el vocero del Comit\u00e9 de Crisis de Arrecifes, Dr. Jos\u00e9 Tenorio, hab\u00eda anticipado en&nbsp;<a href=\"http:\/\/200.80.36.160:8010\/live\" target=\"_blank\" rel=\"noreferrer noopener\">Radio Uno (107.1)<\/a>&nbsp;que iban a ser muy estrictos con las fiestas privadas que se desarrollen el fin de semana. Y as\u00ed ocurri\u00f3 desde la noche de este viernes, cuando m\u00f3viles de Polic\u00eda y de Patrulla Urbana salieron a recorrer la ciudad.<\/p>\n\n\n\n<p>Si bien no existe informaci\u00f3n oficial, se supo que aproximadamente a las 3:10 de la madrugada de este s\u00e1bado, efectivos policiales se hicieron presentes en una propiedad ubicada en calle Brasil, del barrio La Cumbre, e interrumpieron una fiesta.<\/p>\n\n\n\n<p>Se invit\u00f3 a los m\u00e1s de 20 participantes a desalojar el lugar y se habr\u00eda iniciado una causa contra el titular de ese domicilio, por violaci\u00f3n del aislamiento preventivo social y obligatorio.<br>Fuente: <a href=\"https:\/\/arrecifesnoticias.com\/policiales\/desalojaron-una-fiesta-privada\/\">Arrecifes Noticias<\/a><\/p>\n","protected":false},"excerpt":{"rendered":"<p>En los \u00faltimos d\u00edas, el vocero del Comit\u00e9 de Crisis de Arrecifes, Dr. Jos\u00e9 Tenorio, hab\u00eda anticipado en&nbsp;Radio Uno (107.1)&nbsp;que iban a ser muy estrictos con las fiestas privadas que se desarrollen el fin de semana. Y as\u00ed ocurri\u00f3 desde la noche de este viernes, cuando m\u00f3viles de Polic\u00eda y de Patrulla Urbana salieron a [&hellip;]<\/p>\n","protected":false},"author":4,"featured_media":78774,"comment_status":"open","ping_status":"closed","sticky":false,"template":"","format":"standard","meta":{"om_disable_all_campaigns":false,"_jetpack_memberships_contains_paid_content":false,"footnotes":""},"categories":[621],"tags":[640,197,681],"class_list":["post-78773","post","type-post","status-publish","format-standard","has-post-thumbnail","hentry","category-regionales","tag-arrecifes","tag-buenos-aires","tag-regionales"],"aioseo_notices":[],"gutentor_comment":0,"jetpack_featured_media_url":"https:\/\/eldiariodesanpedro.com.ar\/sitio\/wp-content\/uploads\/2020\/08\/Policia-de-noche-2014-695x510-1.jpg","jetpack_shortlink":"https:\/\/wp.me\/p6RhLt-kux","jetpack_sharing_enabled":true,"_links":{"self":[{"href":"https:\/\/eldiariodesanpedro.com.ar\/sitio\/wp-json\/wp\/v2\/posts\/78773","targetHints":{"allow":["GET"]}}],"collection":[{"href":"https:\/\/eldiariodesanpedro.com.ar\/sitio\/wp-json\/wp\/v2\/posts"}],"about":[{"href":"https:\/\/eldiariodesanpedro.com.ar\/sitio\/wp-json\/wp\/v2\/types\/post"}],"author":[{"embeddable":true,"href":"https:\/\/eldiariodesanpedro.com.ar\/sitio\/wp-json\/wp\/v2\/users\/4"}],"replies":[{"embeddable":true,"href":"https:\/\/eldiariodesanpedro.com.ar\/sitio\/wp-json\/wp\/v2\/comments?post=78773"}],"version-history":[{"count":1,"href":"https:\/\/eldiariodesanpedro.com.ar\/sitio\/wp-json\/wp\/v2\/posts\/78773\/revisions"}],"predecessor-version":[{"id":78775,"href":"https:\/\/eldiariodesanpedro.com.ar\/sitio\/wp-json\/wp\/v2\/posts\/78773\/revisions\/78775"}],"wp:featuredmedia":[{"embeddable":true,"href":"https:\/\/eldiariodesanpedro.com.ar\/sitio\/wp-json\/wp\/v2\/media\/78774"}],"wp:attachment":[{"href":"https:\/\/eldiariodesanpedro.com.ar\/sitio\/wp-json\/wp\/v2\/media?parent=78773"}],"wp:term":[{"taxonomy":"category","embeddable":true,"href":"https:\/\/eldiariodesanpedro.com.ar\/sitio\/wp-json\/wp\/v2\/categories?post=78773"},{"taxonomy":"post_tag","embeddable":true,"href":"https:\/\/eldiariodesanpedro.com.ar\/sitio\/wp-json\/wp\/v2\/tags?post=78773"}],"curies":[{"name":"wp","href":"https:\/\/api.w.org\/{rel}","templated":true}]}}