{"id":78768,"date":"2020-08-01T12:27:11","date_gmt":"2020-08-01T15:27:11","guid":{"rendered":"https:\/\/eldiariodesanpedro.com.ar\/sitio\/?p=78768"},"modified":"2020-08-01T12:27:12","modified_gmt":"2020-08-01T15:27:12","slug":"el-ritual-de-tomar-cana-con-ruda-el-1-de-agosto","status":"publish","type":"post","link":"https:\/\/eldiariodesanpedro.com.ar\/sitio\/el-ritual-de-tomar-cana-con-ruda-el-1-de-agosto\/","title":{"rendered":"El ritual de tomar ca\u00f1a con ruda el 1 de agosto"},"content":{"rendered":"<!-- VideographyWP Plugin Message: Automatic video embedding prevented by plugin options. -->\n\n<p>Seg\u00fan la tradici\u00f3n, solo tres tragos en ayunas bastan para ahuyentar los males del invierno. Y en este invierno de pandemia y cuarentena, \u00bfa qui\u00e9n no le hace falta ahuyentar males? Ser\u00e1 por eso que el ritual de tomar ca\u00f1a con ruda el 1\u00b0 de agosto est\u00e1 m\u00e1s vigente que nunca despu\u00e9s de m\u00e1s de dos siglos y se extiende a lo largo del pa\u00eds, aunque provenga del noreste argentino.<\/p>\n\n\n\n<p>\u00abSe hace para atajar el mal, la enfermedad y la miseria\u00bb, explica el antrop\u00f3logo correntino Jos\u00e9 Humberto Miceli, que ubica el origen de la costumbre a finales del siglo XVII, fruto del encuentro entre los ind\u00edgenas guaran\u00edes y los colonizadores espa\u00f1oles.<\/p>\n\n\n\n<p>Tanto la ca\u00f1a -un destilado de mieles de ca\u00f1a de az\u00facar- como la planta de la ruda son nativas de Europa y llegaron a Am\u00e9rica con la conquista. Pero fue el pueblo guaran\u00ed -originario del NEA, Paraguay y sur de Brasil- el que hizo la mixtura de los ingredientes y le otorg\u00f3 el significado que trascendi\u00f3 a trav\u00e9s de cientos de a\u00f1os.<\/p>\n\n\n\n<p>Por qu\u00e9 se toma ca\u00f1a con ruda el 1\u00b0 de agosto<br>Para Miceli, la fecha elegida est\u00e1 relacionada con \u00abtiempos estacionales y tiempos m\u00edticos\u00bb. Por un lado, en el hemisferio sur el comienzo de agosto coincide con los d\u00edas m\u00e1s crudos del invierno. Pero para los guaran\u00edes, este tiempo estacional concurre con el Kara\u00ed Agosto. El antrop\u00f3logo explica que, entre las muchas connotaciones del t\u00e9rmino Kara\u00ed, hay una que hace alusi\u00f3n a una etapa de transici\u00f3n en la que \u00abhist\u00f3ricamente se produc\u00edan grandes lluvias, fuertes fr\u00edos, que provocaban enfermedades y epidemias que causaban muertes en la poblaci\u00f3n\u00bb.<\/p>\n\n\n\n<p>La ruda es una hierba a la que hist\u00f3ricamente se le han atribuido propiedades curativas pero tambi\u00e9n m\u00e1gicas. Ambas vertientes se conjugan en la creencia de que este brebaje protege el cuerpo y el esp\u00edritu.<\/p>\n\n\n\n<p>C\u00f3mo se prepara y c\u00f3mo se toma la ca\u00f1a con ruda<br>La receta es simple: consiste en introducir una ramita de ruda macho -se la reconoce por sus hojas m\u00e1s grandes y su olor m\u00e1s fuerte- en una botella peque\u00f1a con licor de ca\u00f1a. Pero no se hace en el momento en el que se va a consumir sino con anticipaci\u00f3n, para que la hierba le otorgue su sabor al l\u00edquido.<\/p>\n\n\n\n<p>\u00bfCu\u00e1nto tiempo antes hay que prepararla? Aqu\u00ed hay distintas versiones: algunos dicen un mes, otros 15 d\u00edas y otros, que con 3 es suficiente.<\/p>\n\n\n\n<p>Se toma el 1\u00b0 de agosto al levantarse, en ayunas, con tres sorbos seguidos. Aqu\u00ed tambi\u00e9n puede haber variantes: hay quienes beben siete sorbos, o quienes lo hacen durante 15 d\u00edas seguidos.<\/p>\n\n\n\n<p>El 1\u00b0 de agosto es tambi\u00e9n el D\u00eda de la Pachamama, una celebraci\u00f3n de origen quechua m\u00e1s propia del noroeste del pa\u00eds que tiene sus propios rituales, como enterrar una olla con comida y otras ofrendas a la \u00abMadre Tierra\u00bb. A pesar de sus ra\u00edces diferentes, en muchas partes del pa\u00eds se mantienen ambas tradiciones.<\/p>\n","protected":false},"excerpt":{"rendered":"<p>Seg\u00fan la tradici\u00f3n, solo tres tragos en ayunas bastan para ahuyentar los males del invierno. Y en este invierno de pandemia y cuarentena, \u00bfa qui\u00e9n no le hace falta ahuyentar males? Ser\u00e1 por eso que el ritual de tomar ca\u00f1a con ruda el 1\u00b0 de agosto est\u00e1 m\u00e1s vigente que nunca despu\u00e9s de m\u00e1s de [&hellip;]<\/p>\n","protected":false},"author":4,"featured_media":78769,"comment_status":"open","ping_status":"closed","sticky":false,"template":"","format":"standard","meta":{"om_disable_all_campaigns":false,"_jetpack_memberships_contains_paid_content":false,"footnotes":""},"categories":[101,2],"tags":[197,696,33],"class_list":["post-78768","post","type-post","status-publish","format-standard","has-post-thumbnail","hentry","category-interes-general-locales","category-locales","tag-buenos-aires","tag-interes-general","tag-locales"],"aioseo_notices":[],"gutentor_comment":0,"jetpack_featured_media_url":"https:\/\/eldiariodesanpedro.com.ar\/sitio\/wp-content\/uploads\/2020\/08\/no_0rkg8qiv52kg8ii20200801_100909_0000.png","jetpack_shortlink":"https:\/\/wp.me\/p6RhLt-kus","jetpack_sharing_enabled":true,"_links":{"self":[{"href":"https:\/\/eldiariodesanpedro.com.ar\/sitio\/wp-json\/wp\/v2\/posts\/78768","targetHints":{"allow":["GET"]}}],"collection":[{"href":"https:\/\/eldiariodesanpedro.com.ar\/sitio\/wp-json\/wp\/v2\/posts"}],"about":[{"href":"https:\/\/eldiariodesanpedro.com.ar\/sitio\/wp-json\/wp\/v2\/types\/post"}],"author":[{"embeddable":true,"href":"https:\/\/eldiariodesanpedro.com.ar\/sitio\/wp-json\/wp\/v2\/users\/4"}],"replies":[{"embeddable":true,"href":"https:\/\/eldiariodesanpedro.com.ar\/sitio\/wp-json\/wp\/v2\/comments?post=78768"}],"version-history":[{"count":1,"href":"https:\/\/eldiariodesanpedro.com.ar\/sitio\/wp-json\/wp\/v2\/posts\/78768\/revisions"}],"predecessor-version":[{"id":78770,"href":"https:\/\/eldiariodesanpedro.com.ar\/sitio\/wp-json\/wp\/v2\/posts\/78768\/revisions\/78770"}],"wp:featuredmedia":[{"embeddable":true,"href":"https:\/\/eldiariodesanpedro.com.ar\/sitio\/wp-json\/wp\/v2\/media\/78769"}],"wp:attachment":[{"href":"https:\/\/eldiariodesanpedro.com.ar\/sitio\/wp-json\/wp\/v2\/media?parent=78768"}],"wp:term":[{"taxonomy":"category","embeddable":true,"href":"https:\/\/eldiariodesanpedro.com.ar\/sitio\/wp-json\/wp\/v2\/categories?post=78768"},{"taxonomy":"post_tag","embeddable":true,"href":"https:\/\/eldiariodesanpedro.com.ar\/sitio\/wp-json\/wp\/v2\/tags?post=78768"}],"curies":[{"name":"wp","href":"https:\/\/api.w.org\/{rel}","templated":true}]}}