{"id":78763,"date":"2020-08-01T11:49:52","date_gmt":"2020-08-01T14:49:52","guid":{"rendered":"https:\/\/eldiariodesanpedro.com.ar\/sitio\/?p=78763"},"modified":"2020-08-01T11:49:56","modified_gmt":"2020-08-01T14:49:56","slug":"cuatro-aprehendidos-y-once-infracciones-al-aislamiento","status":"publish","type":"post","link":"https:\/\/eldiariodesanpedro.com.ar\/sitio\/cuatro-aprehendidos-y-once-infracciones-al-aislamiento\/","title":{"rendered":"Cuatro aprehendidos y once infracciones al aislamiento"},"content":{"rendered":"<!-- VideographyWP Plugin Message: Automatic video embedding prevented by plugin options. -->\n\n<p><strong>Durante la jornada de este viernes se realizaron varias aprehensiones por parte de la polic\u00eda de nuestra ciudad durante la jornada.&nbsp;<\/strong><\/p>\n\n\n\n<p><strong>Tambi\u00e9n en calle Moreno y Chivilcoy se aprehenden a un sujeto masculino menor de edad quien se encontraba en la v\u00eda p\u00fablica con 10 envoltorios de marihuana.&nbsp;<\/strong><\/p>\n\n\n\n<p><strong>Adem\u00e1s en calle Mitre y Libertad&nbsp; aprehenden sujeto masculino mayor de edad quien se encontraba en la v\u00eda p\u00fablica a quien se le secuestr\u00f3 un cuchillo.<\/strong><\/p>\n\n\n\n<p><strong>Otro en calle Padre Santana&nbsp; aprehenden sujeto masculino mayor de edad quien se encontraba en estado de ebriedad ocasionando disturbios en la v\u00eda p\u00fablica<\/strong><\/p>\n\n\n\n<p><strong>En calle M. Porta y Atte. Brown&nbsp; aprehenden sujeto masculino mayor de edad quien se encontraba en estado de ebriedad ocasionando disturbios en la v\u00eda p\u00fablica.<\/strong><\/p>\n\n\n\n<p><strong>Adem\u00e1s se realizaron 11 infracciones por violaci\u00f3n al art\u00edculo 205 del ASPO a quienes se le iniciara una causa federal.<\/strong><\/p>\n","protected":false},"excerpt":{"rendered":"<p>Durante la jornada de este viernes se realizaron varias aprehensiones por parte de la polic\u00eda de nuestra ciudad durante la jornada.&nbsp; Tambi\u00e9n en calle Moreno y Chivilcoy se aprehenden a un sujeto masculino menor de edad quien se encontraba en la v\u00eda p\u00fablica con 10 envoltorios de marihuana.&nbsp; Adem\u00e1s en calle Mitre y Libertad&nbsp; aprehenden [&hellip;]<\/p>\n","protected":false},"author":4,"featured_media":78701,"comment_status":"open","ping_status":"closed","sticky":false,"template":"","format":"standard","meta":{"om_disable_all_campaigns":false,"_jetpack_memberships_contains_paid_content":false,"footnotes":""},"categories":[101,2],"tags":[197,696,33],"class_list":["post-78763","post","type-post","status-publish","format-standard","has-post-thumbnail","hentry","category-interes-general-locales","category-locales","tag-buenos-aires","tag-interes-general","tag-locales"],"aioseo_notices":[],"gutentor_comment":0,"jetpack_featured_media_url":"https:\/\/eldiariodesanpedro.com.ar\/sitio\/wp-content\/uploads\/2020\/07\/WhatsApp-Image-2020-07-31-at-18.11.37-1.jpeg","jetpack_shortlink":"https:\/\/wp.me\/p6RhLt-kun","jetpack_sharing_enabled":true,"_links":{"self":[{"href":"https:\/\/eldiariodesanpedro.com.ar\/sitio\/wp-json\/wp\/v2\/posts\/78763","targetHints":{"allow":["GET"]}}],"collection":[{"href":"https:\/\/eldiariodesanpedro.com.ar\/sitio\/wp-json\/wp\/v2\/posts"}],"about":[{"href":"https:\/\/eldiariodesanpedro.com.ar\/sitio\/wp-json\/wp\/v2\/types\/post"}],"author":[{"embeddable":true,"href":"https:\/\/eldiariodesanpedro.com.ar\/sitio\/wp-json\/wp\/v2\/users\/4"}],"replies":[{"embeddable":true,"href":"https:\/\/eldiariodesanpedro.com.ar\/sitio\/wp-json\/wp\/v2\/comments?post=78763"}],"version-history":[{"count":1,"href":"https:\/\/eldiariodesanpedro.com.ar\/sitio\/wp-json\/wp\/v2\/posts\/78763\/revisions"}],"predecessor-version":[{"id":78764,"href":"https:\/\/eldiariodesanpedro.com.ar\/sitio\/wp-json\/wp\/v2\/posts\/78763\/revisions\/78764"}],"wp:featuredmedia":[{"embeddable":true,"href":"https:\/\/eldiariodesanpedro.com.ar\/sitio\/wp-json\/wp\/v2\/media\/78701"}],"wp:attachment":[{"href":"https:\/\/eldiariodesanpedro.com.ar\/sitio\/wp-json\/wp\/v2\/media?parent=78763"}],"wp:term":[{"taxonomy":"category","embeddable":true,"href":"https:\/\/eldiariodesanpedro.com.ar\/sitio\/wp-json\/wp\/v2\/categories?post=78763"},{"taxonomy":"post_tag","embeddable":true,"href":"https:\/\/eldiariodesanpedro.com.ar\/sitio\/wp-json\/wp\/v2\/tags?post=78763"}],"curies":[{"name":"wp","href":"https:\/\/api.w.org\/{rel}","templated":true}]}}