{"id":78757,"date":"2020-08-01T11:04:34","date_gmt":"2020-08-01T14:04:34","guid":{"rendered":"https:\/\/eldiariodesanpedro.com.ar\/sitio\/?p=78757"},"modified":"2020-08-01T11:04:37","modified_gmt":"2020-08-01T14:04:37","slug":"la-cooperadora-del-inta-san-pedro-renovo-sus-autoridades","status":"publish","type":"post","link":"https:\/\/eldiariodesanpedro.com.ar\/sitio\/la-cooperadora-del-inta-san-pedro-renovo-sus-autoridades\/","title":{"rendered":"La Cooperadora del INTA San Pedro renov\u00f3 sus autoridades"},"content":{"rendered":"<!-- VideographyWP Plugin Message: Automatic video embedding prevented by plugin options. -->\n\n<p><strong><em>Despu\u00e9s de casi medio centenar de historia, se concret\u00f3 la primera asamblea de la Asociaci\u00f3n Cooperadora de forma virtual, postergada por la pandemia. Adem\u00e1s de una instancia de repaso y balance, un momento muy emotivo con la despedida de Jorge Taurizano, tras 20 a\u00f1os como presidente de la misma. Abel Gaido es ahora su continuador.<\/em><\/strong><\/p>\n\n\n\n<p>Alfredo Camilletti, que adem\u00e1s de funcionario municipal es especialista en cooperativismo, defini\u00f3 el espacio como \u201cun acto c\u00edvico que engrandece nuestra ciudad\u201d. En la asamblea se aprob\u00f3 la Memoria y Balance del Ejercicio 2019 y se renovaron las autoridades. El reconocido productor Jorge Taurizano se despidi\u00f3 luego de 20 a\u00f1os como Presidente&nbsp; agradeciendo por el tiempo en el que estuvo en el cargo, y manifest\u00f3 lo saludable que es un recambio para el grupo.<\/p>\n\n\n\n<p>La Asociaci\u00f3n Cooperadora&nbsp; se ocupa de gestionar la superficie adicional que posee el INTA&nbsp; con fines productivos, experimentales y demostrativos,&nbsp; tal como indica su acta fundacional, teniendo en cuenta: el uso racional de las superficies de campo que el Estado puso a su disposici\u00f3n; la generaci\u00f3n de recursos del \u201cpropio producido\u201d para apoyar la gesti\u00f3n operativa de la Estaci\u00f3n Experimental; la generaci\u00f3n de informaci\u00f3n experimental sist\u00e9mica de dif\u00edcil logro y obtenci\u00f3n en fincas de productores; los indicadores ambientales que permitan evaluar objetivos de \u201csustentabilidad\u201d;&nbsp; la informaci\u00f3n sobre rentabilidad; y los fines de demostraci\u00f3n.<\/p>\n\n\n\n<p>El evento tuvo varios momentos de reconocimientos mutuos y agradecimientos. Taurizano dijo \u201c Hay varias cosas que se han logrado, pero nunca ha sido una persona sola. No m\u00e1s que agradecer a todos. Estamos en muy buenas manos, porque el presidente nuevo es una persona de trabajo\u201d. Por su parte, Gaido: \u201cJorge en tantos a\u00f1os ha hecho tantas cosas. Lo que se ve y lo que no. En lo que a mi corresponde, esto se hace entre todos.&nbsp; Ahora me toca ser presidente, pero estar entre todos. Trataremos de hacer cosas e ir solucionando lo que vaya saliendo. Gracias a todos los que est\u00e1n presentes\u201d.<\/p>\n\n\n\n<p>La nueva Comisi\u00f3n directiva qued\u00f3 conformada de la siguiente manera:<\/p>\n\n\n\n<p>Presidente: Abel Gaido<br>Vicepresidente: Norberto Lanza<br>Secretario: Ezequiel Fuchs<br>Prosecretario: Nicol\u00e1s Reggiuri<br>Tesorero: Francisco Lorido,<br>Protesorero: H\u00e9ctor Pascual<br>Vocales titulares: Alberto Reggiuri y Feliz Torres<br>Vocales suplentes: Juan Carlos Bernardotti y Jos\u00e9 Alvarez<br>Revisores de cuenta titulares: Agust\u00edn Taurizano y Miguel Corbal\u00e1n<br>Revisores de cuenta suplentes: Walter Laurino y Jorge Taurizano<\/p>\n","protected":false},"excerpt":{"rendered":"<p>Despu\u00e9s de casi medio centenar de historia, se concret\u00f3 la primera asamblea de la Asociaci\u00f3n Cooperadora de forma virtual, postergada por la pandemia. Adem\u00e1s de una instancia de repaso y balance, un momento muy emotivo con la despedida de Jorge Taurizano, tras 20 a\u00f1os como presidente de la misma. Abel Gaido es ahora su continuador. [&hellip;]<\/p>\n","protected":false},"author":4,"featured_media":78758,"comment_status":"open","ping_status":"closed","sticky":false,"template":"","format":"standard","meta":{"om_disable_all_campaigns":false,"_jetpack_memberships_contains_paid_content":false,"footnotes":""},"categories":[101,2],"tags":[],"class_list":["post-78757","post","type-post","status-publish","format-standard","has-post-thumbnail","hentry","category-interes-general-locales","category-locales"],"aioseo_notices":[],"gutentor_comment":0,"jetpack_featured_media_url":"https:\/\/eldiariodesanpedro.com.ar\/sitio\/wp-content\/uploads\/2020\/08\/cooperadora.png","jetpack_shortlink":"https:\/\/wp.me\/p6RhLt-kuh","jetpack_sharing_enabled":true,"_links":{"self":[{"href":"https:\/\/eldiariodesanpedro.com.ar\/sitio\/wp-json\/wp\/v2\/posts\/78757","targetHints":{"allow":["GET"]}}],"collection":[{"href":"https:\/\/eldiariodesanpedro.com.ar\/sitio\/wp-json\/wp\/v2\/posts"}],"about":[{"href":"https:\/\/eldiariodesanpedro.com.ar\/sitio\/wp-json\/wp\/v2\/types\/post"}],"author":[{"embeddable":true,"href":"https:\/\/eldiariodesanpedro.com.ar\/sitio\/wp-json\/wp\/v2\/users\/4"}],"replies":[{"embeddable":true,"href":"https:\/\/eldiariodesanpedro.com.ar\/sitio\/wp-json\/wp\/v2\/comments?post=78757"}],"version-history":[{"count":1,"href":"https:\/\/eldiariodesanpedro.com.ar\/sitio\/wp-json\/wp\/v2\/posts\/78757\/revisions"}],"predecessor-version":[{"id":78759,"href":"https:\/\/eldiariodesanpedro.com.ar\/sitio\/wp-json\/wp\/v2\/posts\/78757\/revisions\/78759"}],"wp:featuredmedia":[{"embeddable":true,"href":"https:\/\/eldiariodesanpedro.com.ar\/sitio\/wp-json\/wp\/v2\/media\/78758"}],"wp:attachment":[{"href":"https:\/\/eldiariodesanpedro.com.ar\/sitio\/wp-json\/wp\/v2\/media?parent=78757"}],"wp:term":[{"taxonomy":"category","embeddable":true,"href":"https:\/\/eldiariodesanpedro.com.ar\/sitio\/wp-json\/wp\/v2\/categories?post=78757"},{"taxonomy":"post_tag","embeddable":true,"href":"https:\/\/eldiariodesanpedro.com.ar\/sitio\/wp-json\/wp\/v2\/tags?post=78757"}],"curies":[{"name":"wp","href":"https:\/\/api.w.org\/{rel}","templated":true}]}}