{"id":78747,"date":"2020-07-31T20:35:02","date_gmt":"2020-07-31T23:35:02","guid":{"rendered":"https:\/\/eldiariodesanpedro.com.ar\/sitio\/?p=78747"},"modified":"2020-08-01T12:33:47","modified_gmt":"2020-08-01T15:33:47","slug":"otra-mujer-del-geriatrico-fallecida-victima-del-coronavirus-y-ya-son-nueve","status":"publish","type":"post","link":"https:\/\/eldiariodesanpedro.com.ar\/sitio\/otra-mujer-del-geriatrico-fallecida-victima-del-coronavirus-y-ya-son-nueve\/","title":{"rendered":"Otra mujer del geri\u00e1trico falleci\u00f3 victima del coronavirus y ya son nueve"},"content":{"rendered":"<!-- VideographyWP Plugin Message: Automatic video embedding prevented by plugin options. -->\n\n<p>La Secretar\u00eda de Salud de la Municipalidad de San Pedro lamenta comunicar el deceso de la Sra. Ramona Ponti, de 96 a\u00f1os, ex residente del geri\u00e1trico que present\u00f3 numerosos casos de Covid-19.<\/p>\n\n\n\n<p>La paciente que presentaba factores de riesgo, se encontraba internada en el Hospital desde el 18 de julio y tras el hisopado correspondiente, su resultado fue confirmado como positivo el 23 de Julio.<\/p>\n\n\n\n<p>Es el noveno fallecimiento en nuestro distrito desde que comenz\u00f3 la Pandemia de los cuales cinco pertenecen al geri\u00e1trico.<\/p>\n","protected":false},"excerpt":{"rendered":"<p>La Secretar\u00eda de Salud de la Municipalidad de San Pedro lamenta comunicar el deceso de la Sra. Ramona Ponti, de 96 a\u00f1os, ex residente del geri\u00e1trico que present\u00f3 numerosos casos de Covid-19. La paciente que presentaba factores de riesgo, se encontraba internada en el Hospital desde el 18 de julio y tras el hisopado correspondiente, [&hellip;]<\/p>\n","protected":false},"author":4,"featured_media":77464,"comment_status":"open","ping_status":"closed","sticky":false,"template":"","format":"standard","meta":{"om_disable_all_campaigns":false,"_jetpack_memberships_contains_paid_content":false,"footnotes":""},"categories":[50,101,2],"tags":[197,696,33],"class_list":["post-78747","post","type-post","status-publish","format-standard","has-post-thumbnail","hentry","category-destacadas","category-interes-general-locales","category-locales","tag-buenos-aires","tag-interes-general","tag-locales"],"aioseo_notices":[],"gutentor_comment":0,"jetpack_featured_media_url":"https:\/\/eldiariodesanpedro.com.ar\/sitio\/wp-content\/uploads\/2020\/07\/5e87e1dede692.jpeg","jetpack_shortlink":"https:\/\/wp.me\/p6RhLt-ku7","jetpack_sharing_enabled":true,"_links":{"self":[{"href":"https:\/\/eldiariodesanpedro.com.ar\/sitio\/wp-json\/wp\/v2\/posts\/78747","targetHints":{"allow":["GET"]}}],"collection":[{"href":"https:\/\/eldiariodesanpedro.com.ar\/sitio\/wp-json\/wp\/v2\/posts"}],"about":[{"href":"https:\/\/eldiariodesanpedro.com.ar\/sitio\/wp-json\/wp\/v2\/types\/post"}],"author":[{"embeddable":true,"href":"https:\/\/eldiariodesanpedro.com.ar\/sitio\/wp-json\/wp\/v2\/users\/4"}],"replies":[{"embeddable":true,"href":"https:\/\/eldiariodesanpedro.com.ar\/sitio\/wp-json\/wp\/v2\/comments?post=78747"}],"version-history":[{"count":4,"href":"https:\/\/eldiariodesanpedro.com.ar\/sitio\/wp-json\/wp\/v2\/posts\/78747\/revisions"}],"predecessor-version":[{"id":78772,"href":"https:\/\/eldiariodesanpedro.com.ar\/sitio\/wp-json\/wp\/v2\/posts\/78747\/revisions\/78772"}],"wp:featuredmedia":[{"embeddable":true,"href":"https:\/\/eldiariodesanpedro.com.ar\/sitio\/wp-json\/wp\/v2\/media\/77464"}],"wp:attachment":[{"href":"https:\/\/eldiariodesanpedro.com.ar\/sitio\/wp-json\/wp\/v2\/media?parent=78747"}],"wp:term":[{"taxonomy":"category","embeddable":true,"href":"https:\/\/eldiariodesanpedro.com.ar\/sitio\/wp-json\/wp\/v2\/categories?post=78747"},{"taxonomy":"post_tag","embeddable":true,"href":"https:\/\/eldiariodesanpedro.com.ar\/sitio\/wp-json\/wp\/v2\/tags?post=78747"}],"curies":[{"name":"wp","href":"https:\/\/api.w.org\/{rel}","templated":true}]}}