{"id":78743,"date":"2020-07-31T19:33:46","date_gmt":"2020-07-31T22:33:46","guid":{"rendered":"https:\/\/eldiariodesanpedro.com.ar\/sitio\/?p=78743"},"modified":"2020-07-31T19:33:50","modified_gmt":"2020-07-31T22:33:50","slug":"los-consultorios-amarillos-para-casos-sospechosos-de-covid-19-comenzaran-a-funcionar-el-miercoles-en-ituzaingo-979-los-ex-consultorios-de-osprera","status":"publish","type":"post","link":"https:\/\/eldiariodesanpedro.com.ar\/sitio\/los-consultorios-amarillos-para-casos-sospechosos-de-covid-19-comenzaran-a-funcionar-el-miercoles-en-ituzaingo-979-los-ex-consultorios-de-osprera\/","title":{"rendered":"Los Consultorios Amarillos para casos sospechosos de Covid-19 comenzar\u00e1n a funcionar el mi\u00e9rcoles en Ituzaing\u00f3 979, los ex consultorios de OSPRERA"},"content":{"rendered":"<!-- VideographyWP Plugin Message: Automatic video embedding prevented by plugin options. -->\n\n<p>La Secretar\u00eda de Salud y la Direcci\u00f3n del Hospital \u00abDr. Emilio Ruffa\u00bb, informan que han comenzado los trabajos para trasladar, la atenci\u00f3n especializada de los \u00abConsultorios Amarillos\u00bb, en los que el equipo m\u00e9dico atiende a pacientes con consultas relacionadas con Covid-19.<\/p>\n\n\n\n<p>Desde el pr\u00f3ximo mi\u00e9rcoles 5 de agosto funcionar\u00e1n en el centro de poli consultorios que la Obra Social OSPRERA alquilaba a la Cooperadora del Hospital en Ituzaing\u00f3 979 y que en estos momentos no estaban activos. Una gesti\u00f3n especial del Intendente Cecilio Salazar permiti\u00f3 acceder a este espacio para poder optimizar la atenci\u00f3n.<\/p>\n\n\n\n<p>All\u00ed se destinar\u00e1 una sala de espera amplia y con comodidades para poder mantener el distanciamiento, dos consultorios y una sala de laboratorio en la que se realizar\u00e1n extracciones e hisopados, siempre que el criterio m\u00e9dico de los facultativos que reciban cada consulta, as\u00ed lo determinen.<\/p>\n\n\n\n<p>El Consultorio Amarillo contin\u00faa funcionando hasta el pr\u00f3ximo martes inclusive en el horario de 9 a 12 y de 16 a 19 y los s\u00e1bados de 9 a 12, en el Hospital, ingresando por el acceso a los Consultorios de Salud Mental, sobre calle Belgrano.<\/p>\n\n\n\n<p>El crecimiento exponencial de las consultas y el contexto general de la Pandemia provoc\u00f3 una saturaci\u00f3n en la atenci\u00f3n que se brindaba en el sector de \u00abSalud Mental\u00bb del Hospital que, tambi\u00e9n a partir de estos cambios, reanudar\u00e1 su servicio en sus espacios habituales.<\/p>\n\n\n\n<p>Para la nueva din\u00e1mica de atenci\u00f3n se brindar\u00e1 informaci\u00f3n en el comienzo de la pr\u00f3xima semana con la posibilidad de ofrecer adem\u00e1s una coordinaci\u00f3n de turnos previos, solicitados telef\u00f3nicamente.<\/p>\n\n\n\n<p>Tal como se viene informando desde el comienzo de la Pandemia, ante s\u00edntomas compatibles se debe llamar al 107.<\/p>\n\n\n\n<figure class=\"wp-block-image size-large\"><img decoding=\"async\" width=\"1024\" height=\"576\" data-attachment-id=\"78744\" data-permalink=\"https:\/\/eldiariodesanpedro.com.ar\/sitio\/los-consultorios-amarillos-para-casos-sospechosos-de-covid-19-comenzaran-a-funcionar-el-miercoles-en-ituzaingo-979-los-ex-consultorios-de-osprera\/whatsapp-image-2020-07-31-at-19-29-17\/\" data-orig-file=\"https:\/\/eldiariodesanpedro.com.ar\/sitio\/wp-content\/uploads\/2020\/07\/WhatsApp-Image-2020-07-31-at-19.29.17.jpeg\" data-orig-size=\"1280,720\" data-comments-opened=\"1\" data-image-meta=\"{&quot;aperture&quot;:&quot;0&quot;,&quot;credit&quot;:&quot;&quot;,&quot;camera&quot;:&quot;&quot;,&quot;caption&quot;:&quot;&quot;,&quot;created_timestamp&quot;:&quot;0&quot;,&quot;copyright&quot;:&quot;&quot;,&quot;focal_length&quot;:&quot;0&quot;,&quot;iso&quot;:&quot;0&quot;,&quot;shutter_speed&quot;:&quot;0&quot;,&quot;title&quot;:&quot;&quot;,&quot;orientation&quot;:&quot;0&quot;}\" data-image-title=\"WhatsApp Image 2020-07-31 at 19.29.17\" data-image-description=\"\" data-image-caption=\"\" data-large-file=\"https:\/\/eldiariodesanpedro.com.ar\/sitio\/wp-content\/uploads\/2020\/07\/WhatsApp-Image-2020-07-31-at-19.29.17-1024x576.jpeg\" data-src=\"https:\/\/eldiariodesanpedro.com.ar\/sitio\/wp-content\/uploads\/2020\/07\/WhatsApp-Image-2020-07-31-at-19.29.17-1024x576.jpeg\" alt=\"\" class=\"wp-image-78744 lazyload\" data-srcset=\"https:\/\/eldiariodesanpedro.com.ar\/sitio\/wp-content\/uploads\/2020\/07\/WhatsApp-Image-2020-07-31-at-19.29.17-1024x576.jpeg 1024w, https:\/\/eldiariodesanpedro.com.ar\/sitio\/wp-content\/uploads\/2020\/07\/WhatsApp-Image-2020-07-31-at-19.29.17-300x169.jpeg 300w, https:\/\/eldiariodesanpedro.com.ar\/sitio\/wp-content\/uploads\/2020\/07\/WhatsApp-Image-2020-07-31-at-19.29.17-768x432.jpeg 768w, https:\/\/eldiariodesanpedro.com.ar\/sitio\/wp-content\/uploads\/2020\/07\/WhatsApp-Image-2020-07-31-at-19.29.17-800x450.jpeg 800w, https:\/\/eldiariodesanpedro.com.ar\/sitio\/wp-content\/uploads\/2020\/07\/WhatsApp-Image-2020-07-31-at-19.29.17.jpeg 1280w\" data-sizes=\"(max-width: 1024px) 100vw, 1024px\" src=\"data:image\/svg+xml;base64,PHN2ZyB3aWR0aD0iMSIgaGVpZ2h0PSIxIiB4bWxucz0iaHR0cDovL3d3dy53My5vcmcvMjAwMC9zdmciPjwvc3ZnPg==\" style=\"--smush-placeholder-width: 1024px; --smush-placeholder-aspect-ratio: 1024\/576;\" \/><\/figure>\n","protected":false},"excerpt":{"rendered":"<p>La Secretar\u00eda de Salud y la Direcci\u00f3n del Hospital \u00abDr. Emilio Ruffa\u00bb, informan que han comenzado los trabajos para trasladar, la atenci\u00f3n especializada de los \u00abConsultorios Amarillos\u00bb, en los que el equipo m\u00e9dico atiende a pacientes con consultas relacionadas con Covid-19. Desde el pr\u00f3ximo mi\u00e9rcoles 5 de agosto funcionar\u00e1n en el centro de poli consultorios [&hellip;]<\/p>\n","protected":false},"author":4,"featured_media":78745,"comment_status":"open","ping_status":"closed","sticky":false,"template":"","format":"standard","meta":{"om_disable_all_campaigns":false,"_jetpack_memberships_contains_paid_content":false,"footnotes":""},"categories":[50,101,2],"tags":[197,1721,808,696,33,19],"class_list":["post-78743","post","type-post","status-publish","format-standard","has-post-thumbnail","hentry","category-destacadas","category-interes-general-locales","category-locales","tag-buenos-aires","tag-consultorios-amarillos","tag-coronavirus","tag-interes-general","tag-locales","tag-san-pedro"],"aioseo_notices":[],"gutentor_comment":0,"jetpack_featured_media_url":"https:\/\/eldiariodesanpedro.com.ar\/sitio\/wp-content\/uploads\/2020\/07\/WhatsApp-Image-2020-07-31-at-19.29.18.jpeg","jetpack_shortlink":"https:\/\/wp.me\/p6RhLt-ku3","jetpack_sharing_enabled":true,"_links":{"self":[{"href":"https:\/\/eldiariodesanpedro.com.ar\/sitio\/wp-json\/wp\/v2\/posts\/78743","targetHints":{"allow":["GET"]}}],"collection":[{"href":"https:\/\/eldiariodesanpedro.com.ar\/sitio\/wp-json\/wp\/v2\/posts"}],"about":[{"href":"https:\/\/eldiariodesanpedro.com.ar\/sitio\/wp-json\/wp\/v2\/types\/post"}],"author":[{"embeddable":true,"href":"https:\/\/eldiariodesanpedro.com.ar\/sitio\/wp-json\/wp\/v2\/users\/4"}],"replies":[{"embeddable":true,"href":"https:\/\/eldiariodesanpedro.com.ar\/sitio\/wp-json\/wp\/v2\/comments?post=78743"}],"version-history":[{"count":1,"href":"https:\/\/eldiariodesanpedro.com.ar\/sitio\/wp-json\/wp\/v2\/posts\/78743\/revisions"}],"predecessor-version":[{"id":78746,"href":"https:\/\/eldiariodesanpedro.com.ar\/sitio\/wp-json\/wp\/v2\/posts\/78743\/revisions\/78746"}],"wp:featuredmedia":[{"embeddable":true,"href":"https:\/\/eldiariodesanpedro.com.ar\/sitio\/wp-json\/wp\/v2\/media\/78745"}],"wp:attachment":[{"href":"https:\/\/eldiariodesanpedro.com.ar\/sitio\/wp-json\/wp\/v2\/media?parent=78743"}],"wp:term":[{"taxonomy":"category","embeddable":true,"href":"https:\/\/eldiariodesanpedro.com.ar\/sitio\/wp-json\/wp\/v2\/categories?post=78743"},{"taxonomy":"post_tag","embeddable":true,"href":"https:\/\/eldiariodesanpedro.com.ar\/sitio\/wp-json\/wp\/v2\/tags?post=78743"}],"curies":[{"name":"wp","href":"https:\/\/api.w.org\/{rel}","templated":true}]}}