{"id":78741,"date":"2020-07-31T19:24:45","date_gmt":"2020-07-31T22:24:45","guid":{"rendered":"https:\/\/eldiariodesanpedro.com.ar\/sitio\/?p=78741"},"modified":"2020-07-31T19:24:46","modified_gmt":"2020-07-31T22:24:46","slug":"baradero-ya-son-19-las-victimas-fatales-de-covid-19","status":"publish","type":"post","link":"https:\/\/eldiariodesanpedro.com.ar\/sitio\/baradero-ya-son-19-las-victimas-fatales-de-covid-19\/","title":{"rendered":"BARADERO | Ya son 19 las v\u00edctimas fatales de covid-19"},"content":{"rendered":"<!-- VideographyWP Plugin Message: Automatic video embedding prevented by plugin options. -->\n\n<p>En el d\u00eda de hoy, a trav\u00e9s de un comunicado en redes sociales, el Municipio de Baradero dio a conocer un nuevo fallecimiento por coronavirus. Con este dato, ya son 19 las v\u00edctimas fatales de COVID-19 en nuestra ciudad.<\/p>\n\n\n\n<p>El Director M\u00e9dico del Hospital, Silvio Ejarque, inform\u00f3 que \u201cel paciente era un adulto mayor institucionalizado que ingres\u00f3 al nosocomio por una descompensancion, no tuvo buena evoluci\u00f3n y falleci\u00f3 en horas de la noche\u201d.<\/p>\n\n\n\n<p>Adem\u00e1s, en el reporte brindado en el d\u00eda de ayer se confirmaron 4 casos positivos y se aument\u00f3 el n\u00famero de resultados pendientes luego de que se activaran 13 protocolos.<\/p>\n\n\n\n<p>Fuente: <a href=\"https:\/\/tulineadirecta.com\/ya-son-19-las-victimas-fatales-de-covid-19-en-baradero\/\">Tu Linea Directa<\/a><\/p>\n","protected":false},"excerpt":{"rendered":"<p>En el d\u00eda de hoy, a trav\u00e9s de un comunicado en redes sociales, el Municipio de Baradero dio a conocer un nuevo fallecimiento por coronavirus. Con este dato, ya son 19 las v\u00edctimas fatales de COVID-19 en nuestra ciudad. El Director M\u00e9dico del Hospital, Silvio Ejarque, inform\u00f3 que \u201cel paciente era un adulto mayor institucionalizado [&hellip;]<\/p>\n","protected":false},"author":4,"featured_media":77147,"comment_status":"open","ping_status":"closed","sticky":false,"template":"","format":"standard","meta":{"om_disable_all_campaigns":false,"_jetpack_memberships_contains_paid_content":false,"footnotes":""},"categories":[621],"tags":[139,197,681],"class_list":["post-78741","post","type-post","status-publish","format-standard","has-post-thumbnail","hentry","category-regionales","tag-baradero","tag-buenos-aires","tag-regionales"],"aioseo_notices":[],"gutentor_comment":0,"jetpack_featured_media_url":"https:\/\/eldiariodesanpedro.com.ar\/sitio\/wp-content\/uploads\/2020\/07\/medicos-coronavirus.jpg","jetpack_shortlink":"https:\/\/wp.me\/p6RhLt-ku1","jetpack_sharing_enabled":true,"_links":{"self":[{"href":"https:\/\/eldiariodesanpedro.com.ar\/sitio\/wp-json\/wp\/v2\/posts\/78741","targetHints":{"allow":["GET"]}}],"collection":[{"href":"https:\/\/eldiariodesanpedro.com.ar\/sitio\/wp-json\/wp\/v2\/posts"}],"about":[{"href":"https:\/\/eldiariodesanpedro.com.ar\/sitio\/wp-json\/wp\/v2\/types\/post"}],"author":[{"embeddable":true,"href":"https:\/\/eldiariodesanpedro.com.ar\/sitio\/wp-json\/wp\/v2\/users\/4"}],"replies":[{"embeddable":true,"href":"https:\/\/eldiariodesanpedro.com.ar\/sitio\/wp-json\/wp\/v2\/comments?post=78741"}],"version-history":[{"count":1,"href":"https:\/\/eldiariodesanpedro.com.ar\/sitio\/wp-json\/wp\/v2\/posts\/78741\/revisions"}],"predecessor-version":[{"id":78742,"href":"https:\/\/eldiariodesanpedro.com.ar\/sitio\/wp-json\/wp\/v2\/posts\/78741\/revisions\/78742"}],"wp:featuredmedia":[{"embeddable":true,"href":"https:\/\/eldiariodesanpedro.com.ar\/sitio\/wp-json\/wp\/v2\/media\/77147"}],"wp:attachment":[{"href":"https:\/\/eldiariodesanpedro.com.ar\/sitio\/wp-json\/wp\/v2\/media?parent=78741"}],"wp:term":[{"taxonomy":"category","embeddable":true,"href":"https:\/\/eldiariodesanpedro.com.ar\/sitio\/wp-json\/wp\/v2\/categories?post=78741"},{"taxonomy":"post_tag","embeddable":true,"href":"https:\/\/eldiariodesanpedro.com.ar\/sitio\/wp-json\/wp\/v2\/tags?post=78741"}],"curies":[{"name":"wp","href":"https:\/\/api.w.org\/{rel}","templated":true}]}}