{"id":78737,"date":"2020-07-31T19:21:38","date_gmt":"2020-07-31T22:21:38","guid":{"rendered":"https:\/\/eldiariodesanpedro.com.ar\/sitio\/?p=78737"},"modified":"2020-07-31T19:21:41","modified_gmt":"2020-07-31T22:21:41","slug":"baradero-se-restablecio-plenamente-el-servicio-de-justicia-en-baradero","status":"publish","type":"post","link":"https:\/\/eldiariodesanpedro.com.ar\/sitio\/baradero-se-restablecio-plenamente-el-servicio-de-justicia-en-baradero\/","title":{"rendered":"BARADERO | Se restableci\u00f3 plenamente el servicio de justicia en Baradero"},"content":{"rendered":"<!-- VideographyWP Plugin Message: Automatic video embedding prevented by plugin options. -->\n\n<p>El Municipio de Baradero comunica que la Suprema Corte de Justicia dispuso, por medio de la Resoluci\u00f3n SC N\u00ba750\/20, el restablecimiento pleno del servicio de justicia a partir del d\u00eda 29 de julio del corriente de los&nbsp;Juzgado de Paz de Baradero.&nbsp;&nbsp;<\/p>\n\n\n\n<p>A partir del lunes 3 de agosto, el Juzgado de Paz de Baradero (Av. San Mart\u00edn 1257) tendr\u00e1 un sistema de turnos, debido a que la modalidad de atenci\u00f3n se reestablece de forma virtual para los abogados y para el p\u00fablico en general.&nbsp;&nbsp;<\/p>\n\n\n\n<p>De tal modo, ya son 74 los organismos de la Justicia de Paz de la provincia que recobran su servicio en plenitud.&nbsp;&nbsp;<\/p>\n\n\n\n<p>+ informaci\u00f3n en\u00a0<a rel=\"noreferrer noopener\" href=\"https:\/\/www.youtube.com\/watch?v=Ff_gtwMdfHA&amp;feature=youtu.be\" target=\"_blank\">https:\/\/www.youtube.com\/watch?v=Ff_gtwMdfHA&amp;feature=youtu.be<\/a>\u00a0<\/p>\n\n\n\n<p>Fuente: <a href=\"https:\/\/tulineadirecta.com\/se-restablecio-plenamente-el-servicio-de-justicia-en-baradero\/\">Tu Linea Directa<\/a><\/p>\n","protected":false},"excerpt":{"rendered":"<p>El Municipio de Baradero comunica que la Suprema Corte de Justicia dispuso, por medio de la Resoluci\u00f3n SC N\u00ba750\/20, el restablecimiento pleno del servicio de justicia a partir del d\u00eda 29 de julio del corriente de los&nbsp;Juzgado de Paz de Baradero.&nbsp;&nbsp; A partir del lunes 3 de agosto, el Juzgado de Paz de Baradero (Av. [&hellip;]<\/p>\n","protected":false},"author":4,"featured_media":78738,"comment_status":"open","ping_status":"closed","sticky":false,"template":"","format":"standard","meta":{"om_disable_all_campaigns":false,"_jetpack_memberships_contains_paid_content":false,"footnotes":""},"categories":[621],"tags":[139,197,681],"class_list":["post-78737","post","type-post","status-publish","format-standard","has-post-thumbnail","hentry","category-regionales","tag-baradero","tag-buenos-aires","tag-regionales"],"aioseo_notices":[],"gutentor_comment":0,"jetpack_featured_media_url":"https:\/\/eldiariodesanpedro.com.ar\/sitio\/wp-content\/uploads\/2020\/07\/Sin-t\u00edtulo-33.jpg","jetpack_shortlink":"https:\/\/wp.me\/p6RhLt-ktX","jetpack_sharing_enabled":true,"_links":{"self":[{"href":"https:\/\/eldiariodesanpedro.com.ar\/sitio\/wp-json\/wp\/v2\/posts\/78737","targetHints":{"allow":["GET"]}}],"collection":[{"href":"https:\/\/eldiariodesanpedro.com.ar\/sitio\/wp-json\/wp\/v2\/posts"}],"about":[{"href":"https:\/\/eldiariodesanpedro.com.ar\/sitio\/wp-json\/wp\/v2\/types\/post"}],"author":[{"embeddable":true,"href":"https:\/\/eldiariodesanpedro.com.ar\/sitio\/wp-json\/wp\/v2\/users\/4"}],"replies":[{"embeddable":true,"href":"https:\/\/eldiariodesanpedro.com.ar\/sitio\/wp-json\/wp\/v2\/comments?post=78737"}],"version-history":[{"count":1,"href":"https:\/\/eldiariodesanpedro.com.ar\/sitio\/wp-json\/wp\/v2\/posts\/78737\/revisions"}],"predecessor-version":[{"id":78739,"href":"https:\/\/eldiariodesanpedro.com.ar\/sitio\/wp-json\/wp\/v2\/posts\/78737\/revisions\/78739"}],"wp:featuredmedia":[{"embeddable":true,"href":"https:\/\/eldiariodesanpedro.com.ar\/sitio\/wp-json\/wp\/v2\/media\/78738"}],"wp:attachment":[{"href":"https:\/\/eldiariodesanpedro.com.ar\/sitio\/wp-json\/wp\/v2\/media?parent=78737"}],"wp:term":[{"taxonomy":"category","embeddable":true,"href":"https:\/\/eldiariodesanpedro.com.ar\/sitio\/wp-json\/wp\/v2\/categories?post=78737"},{"taxonomy":"post_tag","embeddable":true,"href":"https:\/\/eldiariodesanpedro.com.ar\/sitio\/wp-json\/wp\/v2\/tags?post=78737"}],"curies":[{"name":"wp","href":"https:\/\/api.w.org\/{rel}","templated":true}]}}