{"id":78734,"date":"2020-07-31T19:16:21","date_gmt":"2020-07-31T22:16:21","guid":{"rendered":"https:\/\/eldiariodesanpedro.com.ar\/sitio\/?p=78734"},"modified":"2020-07-31T19:16:22","modified_gmt":"2020-07-31T22:16:22","slug":"baradero-los-incendios-fueron-intencionales-y-con-malicia","status":"publish","type":"post","link":"https:\/\/eldiariodesanpedro.com.ar\/sitio\/baradero-los-incendios-fueron-intencionales-y-con-malicia\/","title":{"rendered":"BARADERO | \u201cLos incendios fueron intencionales y con malicia\u201d"},"content":{"rendered":"<!-- VideographyWP Plugin Message: Automatic video embedding prevented by plugin options. -->\n\n<p>As\u00ed lo dec\u00eda en Tu Radio Gabriel Fontanari, miembro del cuerpo de Bomberos Voluntarios, en relaci\u00f3n a los incendios que se dieron en el d\u00eda de ayer en varios puntos de la ciudad.<\/p>\n\n\n\n<p>Los siniestros comenzaron pasados las 12 del mediod\u00eda cuando Bomberos Voluntarios desplaz\u00f3 gran parte de sus veh\u00edculos hacia proximidades de la unidad penal n\u00famero 11.<\/p>\n\n\n\n<p>\u201cTuvimos que mover 5 autobombas, s\u00f3lo qued\u00f3 1 en el cuartel central. Rompimos todos los protocolos que ten\u00edamos establecidos.<\/p>\n\n\n\n<p>Tambi\u00e9n en el lugar se hicieron presente Oscar Pellegrini y el regador municipal para abastecernos de agua\u201d.<\/p>\n\n\n\n<p>\u201cCuando hay incendios de viviendas o veh\u00edculos tomamos todas nuestras precauciones al informar los causales porque los desconocemos. Pero en este caso los incendios fueron intencionales y con malicia\u201d, finaliz\u00f3.<\/p>\n\n\n\n<p>Fuente: <a href=\"https:\/\/tulineadirecta.com\/los-incendios-fueron-intencionales-y-con-malicia\/\">Tu Linea Directa<\/a><\/p>\n","protected":false},"excerpt":{"rendered":"<p>As\u00ed lo dec\u00eda en Tu Radio Gabriel Fontanari, miembro del cuerpo de Bomberos Voluntarios, en relaci\u00f3n a los incendios que se dieron en el d\u00eda de ayer en varios puntos de la ciudad. Los siniestros comenzaron pasados las 12 del mediod\u00eda cuando Bomberos Voluntarios desplaz\u00f3 gran parte de sus veh\u00edculos hacia proximidades de la unidad [&hellip;]<\/p>\n","protected":false},"author":4,"featured_media":78735,"comment_status":"open","ping_status":"closed","sticky":false,"template":"","format":"standard","meta":{"om_disable_all_campaigns":false,"_jetpack_memberships_contains_paid_content":false,"footnotes":""},"categories":[621],"tags":[139,197,681],"class_list":["post-78734","post","type-post","status-publish","format-standard","has-post-thumbnail","hentry","category-regionales","tag-baradero","tag-buenos-aires","tag-regionales"],"aioseo_notices":[],"gutentor_comment":0,"jetpack_featured_media_url":"https:\/\/eldiariodesanpedro.com.ar\/sitio\/wp-content\/uploads\/2020\/07\/Sin-t\u00edtulo.png","jetpack_shortlink":"https:\/\/wp.me\/p6RhLt-ktU","jetpack_sharing_enabled":true,"_links":{"self":[{"href":"https:\/\/eldiariodesanpedro.com.ar\/sitio\/wp-json\/wp\/v2\/posts\/78734","targetHints":{"allow":["GET"]}}],"collection":[{"href":"https:\/\/eldiariodesanpedro.com.ar\/sitio\/wp-json\/wp\/v2\/posts"}],"about":[{"href":"https:\/\/eldiariodesanpedro.com.ar\/sitio\/wp-json\/wp\/v2\/types\/post"}],"author":[{"embeddable":true,"href":"https:\/\/eldiariodesanpedro.com.ar\/sitio\/wp-json\/wp\/v2\/users\/4"}],"replies":[{"embeddable":true,"href":"https:\/\/eldiariodesanpedro.com.ar\/sitio\/wp-json\/wp\/v2\/comments?post=78734"}],"version-history":[{"count":1,"href":"https:\/\/eldiariodesanpedro.com.ar\/sitio\/wp-json\/wp\/v2\/posts\/78734\/revisions"}],"predecessor-version":[{"id":78736,"href":"https:\/\/eldiariodesanpedro.com.ar\/sitio\/wp-json\/wp\/v2\/posts\/78734\/revisions\/78736"}],"wp:featuredmedia":[{"embeddable":true,"href":"https:\/\/eldiariodesanpedro.com.ar\/sitio\/wp-json\/wp\/v2\/media\/78735"}],"wp:attachment":[{"href":"https:\/\/eldiariodesanpedro.com.ar\/sitio\/wp-json\/wp\/v2\/media?parent=78734"}],"wp:term":[{"taxonomy":"category","embeddable":true,"href":"https:\/\/eldiariodesanpedro.com.ar\/sitio\/wp-json\/wp\/v2\/categories?post=78734"},{"taxonomy":"post_tag","embeddable":true,"href":"https:\/\/eldiariodesanpedro.com.ar\/sitio\/wp-json\/wp\/v2\/tags?post=78734"}],"curies":[{"name":"wp","href":"https:\/\/api.w.org\/{rel}","templated":true}]}}