{"id":78725,"date":"2020-07-31T19:03:13","date_gmt":"2020-07-31T22:03:13","guid":{"rendered":"https:\/\/eldiariodesanpedro.com.ar\/sitio\/?p=78725"},"modified":"2020-07-31T19:03:17","modified_gmt":"2020-07-31T22:03:17","slug":"campana-perdio-el-control-y-termino-entre-ambas-manos-de-la-panamericana","status":"publish","type":"post","link":"https:\/\/eldiariodesanpedro.com.ar\/sitio\/campana-perdio-el-control-y-termino-entre-ambas-manos-de-la-panamericana\/","title":{"rendered":"CAMPANA | Perdi\u00f3 el control y termin\u00f3 entre ambas manos de la Panamericana"},"content":{"rendered":"<!-- VideographyWP Plugin Message: Automatic video embedding prevented by plugin options. -->\n\n<p>Un automovilista protagoniz\u00f3 el accidente a la altura del kil\u00f3metro 66.5, sentido a Capital. El veh\u00edculo qued\u00f3 montado entre los guard rails de ambos sentidos de la ruta.<\/p>\n\n\n\n<p>Un Peugeot 2008 circulaba sentido Capital con destino Escobar, cuando por causas que se desconocen su conductor pierde el control del rodado.<\/p>\n\n\n\n<p>Fue sobre la Panamericana, a la altura del kil\u00f3metro 66.5, donde se encuentra la fat\u00eddica curva cercana al Hotel Dazzler. El rodado dio varios impactos contra el guard rail, y termin\u00f3 montado sobre la protecci\u00f3n central que separa ambos sentidos de circulaci\u00f3n.<\/p>\n\n\n\n<p>El conductor fue asistido por Bomberos Voluntarios, mediante el m\u00f3vil 43 a cargo del Oficial G\u00f3mez. Fue trasladado al Hospital por el Same, mientras que un m\u00f3vil policial qued\u00f3 a resguardo del lugar.<\/p>\n\n\n\n<p>Fuente: <a href=\"https:\/\/www.campananoticias.com\/noticia\/62359\/perdi-el-control-y-termin-entre-ambas-manos-de-la-panamericana\">Campana Noticias<\/a><\/p>\n","protected":false},"excerpt":{"rendered":"<p>Un automovilista protagoniz\u00f3 el accidente a la altura del kil\u00f3metro 66.5, sentido a Capital. El veh\u00edculo qued\u00f3 montado entre los guard rails de ambos sentidos de la ruta. Un Peugeot 2008 circulaba sentido Capital con destino Escobar, cuando por causas que se desconocen su conductor pierde el control del rodado. Fue sobre la Panamericana, a [&hellip;]<\/p>\n","protected":false},"author":4,"featured_media":78726,"comment_status":"open","ping_status":"closed","sticky":false,"template":"","format":"standard","meta":{"om_disable_all_campaigns":false,"_jetpack_memberships_contains_paid_content":false,"footnotes":""},"categories":[621],"tags":[197,686,681],"class_list":["post-78725","post","type-post","status-publish","format-standard","has-post-thumbnail","hentry","category-regionales","tag-buenos-aires","tag-campana-2","tag-regionales"],"aioseo_notices":[],"gutentor_comment":0,"jetpack_featured_media_url":"https:\/\/eldiariodesanpedro.com.ar\/sitio\/wp-content\/uploads\/2020\/07\/20200730115507.jpg","jetpack_shortlink":"https:\/\/wp.me\/p6RhLt-ktL","jetpack_sharing_enabled":true,"_links":{"self":[{"href":"https:\/\/eldiariodesanpedro.com.ar\/sitio\/wp-json\/wp\/v2\/posts\/78725","targetHints":{"allow":["GET"]}}],"collection":[{"href":"https:\/\/eldiariodesanpedro.com.ar\/sitio\/wp-json\/wp\/v2\/posts"}],"about":[{"href":"https:\/\/eldiariodesanpedro.com.ar\/sitio\/wp-json\/wp\/v2\/types\/post"}],"author":[{"embeddable":true,"href":"https:\/\/eldiariodesanpedro.com.ar\/sitio\/wp-json\/wp\/v2\/users\/4"}],"replies":[{"embeddable":true,"href":"https:\/\/eldiariodesanpedro.com.ar\/sitio\/wp-json\/wp\/v2\/comments?post=78725"}],"version-history":[{"count":1,"href":"https:\/\/eldiariodesanpedro.com.ar\/sitio\/wp-json\/wp\/v2\/posts\/78725\/revisions"}],"predecessor-version":[{"id":78727,"href":"https:\/\/eldiariodesanpedro.com.ar\/sitio\/wp-json\/wp\/v2\/posts\/78725\/revisions\/78727"}],"wp:featuredmedia":[{"embeddable":true,"href":"https:\/\/eldiariodesanpedro.com.ar\/sitio\/wp-json\/wp\/v2\/media\/78726"}],"wp:attachment":[{"href":"https:\/\/eldiariodesanpedro.com.ar\/sitio\/wp-json\/wp\/v2\/media?parent=78725"}],"wp:term":[{"taxonomy":"category","embeddable":true,"href":"https:\/\/eldiariodesanpedro.com.ar\/sitio\/wp-json\/wp\/v2\/categories?post=78725"},{"taxonomy":"post_tag","embeddable":true,"href":"https:\/\/eldiariodesanpedro.com.ar\/sitio\/wp-json\/wp\/v2\/tags?post=78725"}],"curies":[{"name":"wp","href":"https:\/\/api.w.org\/{rel}","templated":true}]}}