{"id":78722,"date":"2020-07-31T19:00:58","date_gmt":"2020-07-31T22:00:58","guid":{"rendered":"https:\/\/eldiariodesanpedro.com.ar\/sitio\/?p=78722"},"modified":"2020-07-31T19:01:01","modified_gmt":"2020-07-31T22:01:01","slug":"campana-desde-el-lunes-los-clubes-abriran-unicamente-para-esparcimiento-y-recreacion","status":"publish","type":"post","link":"https:\/\/eldiariodesanpedro.com.ar\/sitio\/campana-desde-el-lunes-los-clubes-abriran-unicamente-para-esparcimiento-y-recreacion\/","title":{"rendered":"CAMPANA | Desde el lunes, los clubes abrir\u00e1n \u00fanicamente para esparcimiento y recreaci\u00f3n"},"content":{"rendered":"<!-- VideographyWP Plugin Message: Automatic video embedding prevented by plugin options. -->\n\n<p><strong><em>Esta medida la defini\u00f3 el intendente Abella luego de mantener una reuni\u00f3n con los presidentes del Club Ciudad de Campana y Campana Boat Club. No estar\u00e1n permitidas las actividades deportivas.<\/em><\/strong><\/p>\n\n\n\n<p>El intendente Sebasti\u00e1n Abella defini\u00f3 que, a partir de este lunes, los clubes podr\u00e1n reabrir sus puertas a los socios para que puedan realizar actividades de esparcimiento y recreaci\u00f3n en los espacios verdes. No obstante, no se podr\u00e1n realizar deportes de ning\u00fan tipo.<\/p>\n\n\n\n<p>Por ello, el jefe comunal recibi\u00f3 en su despacho a los presidentes del Campana Boat Club (Gerardo De Franceschi) y del Club Ciudad de Campana (Roberto P\u00e9rez), para transmitirles la noticia y delinear los protocolos que se implementar\u00e1n.<\/p>\n\n\n\n<p>La reapertura de los clubes est\u00e1 enmarcada dentro del avance que tuvo Campana a la Fase 4 del aislamiento social, preventivo y obligatorio por la pandemia de Covid-19.<\/p>\n\n\n\n<p>Cada socio que asista a los establecimientos a hacer uso de las instalaciones, deber\u00e1 usar tapabocas, mantener la distancia social de dos metros aproximados e higienizarse frecuentemente las manos.<\/p>\n\n\n\n<p>All\u00ed, no estar\u00e1 permitido el uso de los juegos para ni\u00f1os ni tampoco se podr\u00e1n realizar actividades deportivas, ni hacer uso de las canchas de f\u00fatbol, b\u00e1squet, tenis, piletas, entre otras.<\/p>\n\n\n\n<p>\u00abLos vecinos ya est\u00e1n saliendo a caminar y a recrearse en los distintos espacios p\u00fablicos de la ciudad, siempre respetando las medidas de distanciamiento social y el uso de tapaboca y desde el lunes tambi\u00e9n se podr\u00e1 hacer en los clubes\u00bb, sostuvo Abella.<\/p>\n\n\n\n<p>Fuente: <a href=\"https:\/\/www.laautenticadefensa.net\/172640\">La Autentica Defensa<\/a><\/p>\n","protected":false},"excerpt":{"rendered":"<p>Esta medida la defini\u00f3 el intendente Abella luego de mantener una reuni\u00f3n con los presidentes del Club Ciudad de Campana y Campana Boat Club. No estar\u00e1n permitidas las actividades deportivas. El intendente Sebasti\u00e1n Abella defini\u00f3 que, a partir de este lunes, los clubes podr\u00e1n reabrir sus puertas a los socios para que puedan realizar actividades [&hellip;]<\/p>\n","protected":false},"author":4,"featured_media":78723,"comment_status":"open","ping_status":"closed","sticky":false,"template":"","format":"standard","meta":{"om_disable_all_campaigns":false,"_jetpack_memberships_contains_paid_content":false,"footnotes":""},"categories":[621],"tags":[197,686,681],"class_list":["post-78722","post","type-post","status-publish","format-standard","has-post-thumbnail","hentry","category-regionales","tag-buenos-aires","tag-campana-2","tag-regionales"],"aioseo_notices":[],"gutentor_comment":0,"jetpack_featured_media_url":"https:\/\/eldiariodesanpedro.com.ar\/sitio\/wp-content\/uploads\/2020\/07\/200731-11.jpg","jetpack_shortlink":"https:\/\/wp.me\/p6RhLt-ktI","jetpack_sharing_enabled":true,"_links":{"self":[{"href":"https:\/\/eldiariodesanpedro.com.ar\/sitio\/wp-json\/wp\/v2\/posts\/78722","targetHints":{"allow":["GET"]}}],"collection":[{"href":"https:\/\/eldiariodesanpedro.com.ar\/sitio\/wp-json\/wp\/v2\/posts"}],"about":[{"href":"https:\/\/eldiariodesanpedro.com.ar\/sitio\/wp-json\/wp\/v2\/types\/post"}],"author":[{"embeddable":true,"href":"https:\/\/eldiariodesanpedro.com.ar\/sitio\/wp-json\/wp\/v2\/users\/4"}],"replies":[{"embeddable":true,"href":"https:\/\/eldiariodesanpedro.com.ar\/sitio\/wp-json\/wp\/v2\/comments?post=78722"}],"version-history":[{"count":1,"href":"https:\/\/eldiariodesanpedro.com.ar\/sitio\/wp-json\/wp\/v2\/posts\/78722\/revisions"}],"predecessor-version":[{"id":78724,"href":"https:\/\/eldiariodesanpedro.com.ar\/sitio\/wp-json\/wp\/v2\/posts\/78722\/revisions\/78724"}],"wp:featuredmedia":[{"embeddable":true,"href":"https:\/\/eldiariodesanpedro.com.ar\/sitio\/wp-json\/wp\/v2\/media\/78723"}],"wp:attachment":[{"href":"https:\/\/eldiariodesanpedro.com.ar\/sitio\/wp-json\/wp\/v2\/media?parent=78722"}],"wp:term":[{"taxonomy":"category","embeddable":true,"href":"https:\/\/eldiariodesanpedro.com.ar\/sitio\/wp-json\/wp\/v2\/categories?post=78722"},{"taxonomy":"post_tag","embeddable":true,"href":"https:\/\/eldiariodesanpedro.com.ar\/sitio\/wp-json\/wp\/v2\/tags?post=78722"}],"curies":[{"name":"wp","href":"https:\/\/api.w.org\/{rel}","templated":true}]}}