{"id":78719,"date":"2020-07-31T18:57:11","date_gmt":"2020-07-31T21:57:11","guid":{"rendered":"https:\/\/eldiariodesanpedro.com.ar\/sitio\/?p=78719"},"modified":"2020-07-31T18:57:12","modified_gmt":"2020-07-31T21:57:12","slug":"campana-buscan-que-deudores-de-cuotas-alimentarias-no-puedan-realizar-tramites-en-el-municipio","status":"publish","type":"post","link":"https:\/\/eldiariodesanpedro.com.ar\/sitio\/campana-buscan-que-deudores-de-cuotas-alimentarias-no-puedan-realizar-tramites-en-el-municipio\/","title":{"rendered":"CAMPANA | Buscan que deudores de cuotas alimentarias no puedan realizar tr\u00e1mites en el Municipio"},"content":{"rendered":"<!-- VideographyWP Plugin Message: Automatic video embedding prevented by plugin options. -->\n\n<p>Con la finalidad de proteger los derechos de los ni\u00f1os, la presidenta del HCD, Marina Casaretto, presentar\u00e1 en la sesi\u00f3n ordinaria del pr\u00f3ximo jueves el proyecto de ordenanza. Aquellos que deseen, tramitar o renovar la licencia de conducir o abrir un comercio, entre otros, deber\u00e1n estar al d\u00eda.<\/p>\n\n\n\n<p>La presidenta del HCD, Marina Casaretto, presentar\u00e1 el pr\u00f3ximo jueves en el recinto un proyecto de ordenanza que buscar\u00e1 que los padres y madres deudores de cuotas alimentarias no puedan acceder a ning\u00fan tipo de tr\u00e1mite en el Municipio.<\/p>\n\n\n\n<p>Esta importante propuesta busca proteger los derechos de los ni\u00f1os, ni\u00f1as, adolescentes y j\u00f3venes. Adem\u00e1s, est\u00e1 enmarcada dentro de las numerosas iniciativas con perspectiva de g\u00e9nero que viene impulsando la titular del Concejo Deliberante.<\/p>\n\n\n\n<p>La iniciativa intenta establecer que ante cualquier requerimiento administrativo en el Municipio, el solicitante deber\u00e1 tener saldada la cuota alimentaria.<\/p>\n\n\n\n<p>De no ser as\u00ed, se ver\u00e1 imposibilitado a acceder, entre otros, a la tramitaci\u00f3n o renovaci\u00f3n de la licencia de conducir, la habilitaci\u00f3n de comercios o industrias, plan de facilidades de pago o moratorias y solicitud de subsidio de cualquier tipo.<\/p>\n\n\n\n<p>Asimismo, aquellas personas que pretendan inscribirse como proveedores del Municipio deber\u00e1n adjuntar junto al resto de los requisitos, una certificaci\u00f3n en la que conste que no se encuentran incluidos en el Registro de Deudores Alimentarios Morosos.<\/p>\n\n\n\n<p>Tampoco se podr\u00e1n designar como agentes o funcionarios municipales, bajo ninguna de las modalidades legalmente previstas, a quienes adeuden la cuota alimentaria.<\/p>\n\n\n\n<p>\u201cEs muy importante que se implementen en el \u00e1mbito local mecanismos tendientes a desalentar los incumplimientos de las obligaciones alimentarias\u201d, enfatiz\u00f3 Casaretto al indicar que su objetivo es \u201campliar su reglamentaci\u00f3n para quienes su derecho se ha visto menoscabado\u201d.<\/p>\n\n\n\n<p>Y agreg\u00f3: \u201cEn la mayor\u00eda de los casos la falta de responsabilidad de los padres y madres causan graves perjuicios en la calidad de vida de los ni\u00f1os y adolescentes y j\u00f3venes en un verdadero estado de desamparo; y es all\u00ed donde el Estado debe intervenir arbitrando medidas que amparen a los sectores de mayor vulnerabilidad\u201d.<\/p>\n\n\n\n<p>Por otra parte, la presidenta del HCD calific\u00f3 como una \u201cherramienta fundamental de protecci\u00f3n\u201d para aquellos que pese a tener reconocido judicialmente su derecho, se vean imposibilitados de recibirlo.<\/p>\n\n\n\n<p>Fuente: <a href=\"https:\/\/www.enlacecritico.com\/destacados\/buscan-que-deudores-de-cuotas-alimentarias-no-puedan-realizar-tramites-en-el-municipio-de-campana\/\">Enlace Critico<\/a><\/p>\n","protected":false},"excerpt":{"rendered":"<p>Con la finalidad de proteger los derechos de los ni\u00f1os, la presidenta del HCD, Marina Casaretto, presentar\u00e1 en la sesi\u00f3n ordinaria del pr\u00f3ximo jueves el proyecto de ordenanza. Aquellos que deseen, tramitar o renovar la licencia de conducir o abrir un comercio, entre otros, deber\u00e1n estar al d\u00eda. La presidenta del HCD, Marina Casaretto, presentar\u00e1 [&hellip;]<\/p>\n","protected":false},"author":4,"featured_media":78720,"comment_status":"open","ping_status":"closed","sticky":false,"template":"","format":"standard","meta":{"om_disable_all_campaigns":false,"_jetpack_memberships_contains_paid_content":false,"footnotes":""},"categories":[621],"tags":[197,686,681],"class_list":["post-78719","post","type-post","status-publish","format-standard","has-post-thumbnail","hentry","category-regionales","tag-buenos-aires","tag-campana-2","tag-regionales"],"aioseo_notices":[],"gutentor_comment":0,"jetpack_featured_media_url":"https:\/\/eldiariodesanpedro.com.ar\/sitio\/wp-content\/uploads\/2020\/07\/Casaretto.jpg","jetpack_shortlink":"https:\/\/wp.me\/p6RhLt-ktF","jetpack_sharing_enabled":true,"_links":{"self":[{"href":"https:\/\/eldiariodesanpedro.com.ar\/sitio\/wp-json\/wp\/v2\/posts\/78719","targetHints":{"allow":["GET"]}}],"collection":[{"href":"https:\/\/eldiariodesanpedro.com.ar\/sitio\/wp-json\/wp\/v2\/posts"}],"about":[{"href":"https:\/\/eldiariodesanpedro.com.ar\/sitio\/wp-json\/wp\/v2\/types\/post"}],"author":[{"embeddable":true,"href":"https:\/\/eldiariodesanpedro.com.ar\/sitio\/wp-json\/wp\/v2\/users\/4"}],"replies":[{"embeddable":true,"href":"https:\/\/eldiariodesanpedro.com.ar\/sitio\/wp-json\/wp\/v2\/comments?post=78719"}],"version-history":[{"count":1,"href":"https:\/\/eldiariodesanpedro.com.ar\/sitio\/wp-json\/wp\/v2\/posts\/78719\/revisions"}],"predecessor-version":[{"id":78721,"href":"https:\/\/eldiariodesanpedro.com.ar\/sitio\/wp-json\/wp\/v2\/posts\/78719\/revisions\/78721"}],"wp:featuredmedia":[{"embeddable":true,"href":"https:\/\/eldiariodesanpedro.com.ar\/sitio\/wp-json\/wp\/v2\/media\/78720"}],"wp:attachment":[{"href":"https:\/\/eldiariodesanpedro.com.ar\/sitio\/wp-json\/wp\/v2\/media?parent=78719"}],"wp:term":[{"taxonomy":"category","embeddable":true,"href":"https:\/\/eldiariodesanpedro.com.ar\/sitio\/wp-json\/wp\/v2\/categories?post=78719"},{"taxonomy":"post_tag","embeddable":true,"href":"https:\/\/eldiariodesanpedro.com.ar\/sitio\/wp-json\/wp\/v2\/tags?post=78719"}],"curies":[{"name":"wp","href":"https:\/\/api.w.org\/{rel}","templated":true}]}}