{"id":78715,"date":"2020-07-31T18:54:54","date_gmt":"2020-07-31T21:54:54","guid":{"rendered":"https:\/\/eldiariodesanpedro.com.ar\/sitio\/?p=78715"},"modified":"2020-07-31T18:55:27","modified_gmt":"2020-07-31T21:55:27","slug":"arrecifes-detalles-de-los-casos-de-coronavirus-hasta-el-momento","status":"publish","type":"post","link":"https:\/\/eldiariodesanpedro.com.ar\/sitio\/arrecifes-detalles-de-los-casos-de-coronavirus-hasta-el-momento\/","title":{"rendered":"ARRECIFES | Detalles de los casos de coronavirus hasta el momento"},"content":{"rendered":"<!-- VideographyWP Plugin Message: Automatic video embedding prevented by plugin options. -->\n\n<p><strong>Los j\u00f3venes son los m\u00e1s contagiados y hay caso de un ni\u00f1o. A\u00fan hay un paciente que no se sabe c\u00f3mo adquiri\u00f3 el virus. Mayor\u00eda de masculinos.<\/strong><\/p>\n\n\n\n<p>En su reporte de este jueves a las 21:30, la Municipalidad de Arrecifes confirm\u00f3 un total de 17 contagios desde el inicio de la pandemia, con nueve pacientes ya recuperados y otros ocho tansitando actualmente la enfermedad de coronavirus.<\/p>\n\n\n\n<p>Dos horas antes, sin embargo, en la actualizaci\u00f3n de sus estad\u00edsticas oficiales, el Ministerio de Salud de la Provincia de Buenos Aires registraba dos casos positivos menos en Arrecifes: 15 en total. Coinciden en los nueve recuperados. Seguramente esto se debe a que nuestra ciudad contaba con informaci\u00f3n a\u00fan no registrada a nivel provincial y ser\u00edan los \u00faltimos cuatro positivos, por lo que el n\u00famero total ascender\u00eda a 19.<\/p>\n\n\n\n<p>Se registran oficialmente 213 personas testeadas.<\/p>\n\n\n\n<p>No obstante, de esos 15 casos locales es interesante analizar c\u00f3mo se distribuyen, seg\u00fan el Ministerio de Salud.<\/p>\n\n\n\n<p>GRUPOS DE EDAD<\/p>\n\n\n\n<p>0 a 9 a\u00f1os: 1 caso<br>20 a 29 a\u00f1os: 3 casos<br>30 a 39 a\u00f1os: 6 casos<br>40 a 49 a\u00f1os: 4 casos<br>50 a 59 a\u00f1os: 1 caso<\/p>\n\n\n\n<p>G\u00c9NERO<\/p>\n\n\n\n<p>Masculino: 10 casos<br>Femenino: 5 casos<\/p>\n\n\n\n<p>TIPO DE CONTAGIO<\/p>\n\n\n\n<p>Por contacto: 9 casos<br>Comunitario: 3 casos<br>Importado nacional: 1 caso<br>Importado internacional: 1 caso<br>En investigaci\u00f3n: 1 caso<\/p>\n\n\n\n<p>Fuente: <a href=\"https:\/\/arrecifesnoticias.com\/sociedad\/coronavirus-en-arrecifes-detalles-de-los-casos\/\">Arrecifes Noticias<\/a><\/p>\n","protected":false},"excerpt":{"rendered":"<p>Los j\u00f3venes son los m\u00e1s contagiados y hay caso de un ni\u00f1o. A\u00fan hay un paciente que no se sabe c\u00f3mo adquiri\u00f3 el virus. Mayor\u00eda de masculinos. En su reporte de este jueves a las 21:30, la Municipalidad de Arrecifes confirm\u00f3 un total de 17 contagios desde el inicio de la pandemia, con nueve pacientes [&hellip;]<\/p>\n","protected":false},"author":4,"featured_media":78716,"comment_status":"open","ping_status":"closed","sticky":false,"template":"","format":"standard","meta":{"om_disable_all_campaigns":false,"_jetpack_memberships_contains_paid_content":false,"footnotes":""},"categories":[621],"tags":[640,197,681],"class_list":["post-78715","post","type-post","status-publish","format-standard","has-post-thumbnail","hentry","category-regionales","tag-arrecifes","tag-buenos-aires","tag-regionales"],"aioseo_notices":[],"gutentor_comment":0,"jetpack_featured_media_url":"https:\/\/eldiariodesanpedro.com.ar\/sitio\/wp-content\/uploads\/2020\/07\/Coronavirus-PBA-300720-1195x510-1.jpg","jetpack_shortlink":"https:\/\/wp.me\/p6RhLt-ktB","jetpack_sharing_enabled":true,"_links":{"self":[{"href":"https:\/\/eldiariodesanpedro.com.ar\/sitio\/wp-json\/wp\/v2\/posts\/78715","targetHints":{"allow":["GET"]}}],"collection":[{"href":"https:\/\/eldiariodesanpedro.com.ar\/sitio\/wp-json\/wp\/v2\/posts"}],"about":[{"href":"https:\/\/eldiariodesanpedro.com.ar\/sitio\/wp-json\/wp\/v2\/types\/post"}],"author":[{"embeddable":true,"href":"https:\/\/eldiariodesanpedro.com.ar\/sitio\/wp-json\/wp\/v2\/users\/4"}],"replies":[{"embeddable":true,"href":"https:\/\/eldiariodesanpedro.com.ar\/sitio\/wp-json\/wp\/v2\/comments?post=78715"}],"version-history":[{"count":2,"href":"https:\/\/eldiariodesanpedro.com.ar\/sitio\/wp-json\/wp\/v2\/posts\/78715\/revisions"}],"predecessor-version":[{"id":78718,"href":"https:\/\/eldiariodesanpedro.com.ar\/sitio\/wp-json\/wp\/v2\/posts\/78715\/revisions\/78718"}],"wp:featuredmedia":[{"embeddable":true,"href":"https:\/\/eldiariodesanpedro.com.ar\/sitio\/wp-json\/wp\/v2\/media\/78716"}],"wp:attachment":[{"href":"https:\/\/eldiariodesanpedro.com.ar\/sitio\/wp-json\/wp\/v2\/media?parent=78715"}],"wp:term":[{"taxonomy":"category","embeddable":true,"href":"https:\/\/eldiariodesanpedro.com.ar\/sitio\/wp-json\/wp\/v2\/categories?post=78715"},{"taxonomy":"post_tag","embeddable":true,"href":"https:\/\/eldiariodesanpedro.com.ar\/sitio\/wp-json\/wp\/v2\/tags?post=78715"}],"curies":[{"name":"wp","href":"https:\/\/api.w.org\/{rel}","templated":true}]}}