{"id":78712,"date":"2020-07-31T18:52:33","date_gmt":"2020-07-31T21:52:33","guid":{"rendered":"https:\/\/eldiariodesanpedro.com.ar\/sitio\/?p=78712"},"modified":"2020-07-31T18:52:36","modified_gmt":"2020-07-31T21:52:36","slug":"salto-coronavirus-la-ciudad-sumo-nuevos-10-positivos-en-48-horas","status":"publish","type":"post","link":"https:\/\/eldiariodesanpedro.com.ar\/sitio\/salto-coronavirus-la-ciudad-sumo-nuevos-10-positivos-en-48-horas\/","title":{"rendered":"SALTO | Coronavirus: La ciudad sum\u00f3 nuevos 10 positivos en 48 horas"},"content":{"rendered":"<!-- VideographyWP Plugin Message: Automatic video embedding prevented by plugin options. -->\n\n<p>As\u00ed lo confirm\u00f3 este viernes la directora de Salud Dra. Myrna Rebottaro. El total de contagios asciende a 138.<\/p>\n\n\n\n<p>De acuerdo reporte emitido en la ma\u00f1ana de este viernes por la directora de Salud y del Hospital de Salto, Dra. Myrna Rebottaro, la vecina ciudad&nbsp;sum\u00f3 10&nbsp;nuevos&nbsp;casos de coronavirus&nbsp;en las \u00faltimas&nbsp;48 horas.<\/p>\n\n\n\n<p>Seg\u00fan sus palabras en conferencia de prensa, Salto lleva un total de 138&nbsp;contagiados, sobre 363&nbsp;testeados, con 89&nbsp;pacientes recuperados desde el inicio de los brotes de Covid-19.&nbsp;&nbsp;En tanto, 18 personas aguardan los resultados del hisopado que se les practic\u00f3, cuyas muestras fueron enviadas al Instituto Maiztegui de Pergamino.&nbsp;<\/p>\n\n\n\n<p>En ese sentido, la Dra. Rebottaro, que encabeza el Comit\u00e9 de Emergencia Sanitaria, indic\u00f3 que 242&nbsp;personas se encuentran transitando el aislamiento preventivo.<\/p>\n\n\n\n<p>Respecto a los pacientes con Covid-19 que se encuentran internados en el Hospital Municipal, el Dr. Torres Traba explic\u00f3 que \u201cdos de los cinco pacientes han presentado infecci\u00f3n respiratoria moderada a severa en uno de los casos, que requiri\u00f3 su pase a terapia intensiva y de plasma convaleciente\u201d. Y se\u00f1al\u00f3: \u201cha evolucionado bien y si todo sigue como hasta ahora, le podremos dar el alta. El resto de pacientes presentan s\u00edntomas leves\u201d.<\/p>\n\n\n\n<p>De los cuales se recuperaron 89 pacientes. Del total de positivos, 89 personas ya se han recuperado, mientras que 49 a\u00fan permanecen con seguimiento m\u00e9dico. En tanto,\u00a0quedan 18 casos en estudio.<\/p>\n\n\n\n<p>Fuente: Salto Hoy<\/p>\n","protected":false},"excerpt":{"rendered":"<p>As\u00ed lo confirm\u00f3 este viernes la directora de Salud Dra. Myrna Rebottaro. El total de contagios asciende a 138. De acuerdo reporte emitido en la ma\u00f1ana de este viernes por la directora de Salud y del Hospital de Salto, Dra. Myrna Rebottaro, la vecina ciudad&nbsp;sum\u00f3 10&nbsp;nuevos&nbsp;casos de coronavirus&nbsp;en las \u00faltimas&nbsp;48 horas. Seg\u00fan sus palabras en [&hellip;]<\/p>\n","protected":false},"author":4,"featured_media":78713,"comment_status":"open","ping_status":"closed","sticky":false,"template":"","format":"standard","meta":{"om_disable_all_campaigns":false,"_jetpack_memberships_contains_paid_content":false,"footnotes":""},"categories":[621],"tags":[197,681,1264],"class_list":["post-78712","post","type-post","status-publish","format-standard","has-post-thumbnail","hentry","category-regionales","tag-buenos-aires","tag-regionales","tag-salto"],"aioseo_notices":[],"gutentor_comment":0,"jetpack_featured_media_url":"https:\/\/eldiariodesanpedro.com.ar\/sitio\/wp-content\/uploads\/2020\/07\/Salto-Myrna-Rebottaro.jpg","jetpack_shortlink":"https:\/\/wp.me\/p6RhLt-kty","jetpack_sharing_enabled":true,"_links":{"self":[{"href":"https:\/\/eldiariodesanpedro.com.ar\/sitio\/wp-json\/wp\/v2\/posts\/78712","targetHints":{"allow":["GET"]}}],"collection":[{"href":"https:\/\/eldiariodesanpedro.com.ar\/sitio\/wp-json\/wp\/v2\/posts"}],"about":[{"href":"https:\/\/eldiariodesanpedro.com.ar\/sitio\/wp-json\/wp\/v2\/types\/post"}],"author":[{"embeddable":true,"href":"https:\/\/eldiariodesanpedro.com.ar\/sitio\/wp-json\/wp\/v2\/users\/4"}],"replies":[{"embeddable":true,"href":"https:\/\/eldiariodesanpedro.com.ar\/sitio\/wp-json\/wp\/v2\/comments?post=78712"}],"version-history":[{"count":1,"href":"https:\/\/eldiariodesanpedro.com.ar\/sitio\/wp-json\/wp\/v2\/posts\/78712\/revisions"}],"predecessor-version":[{"id":78714,"href":"https:\/\/eldiariodesanpedro.com.ar\/sitio\/wp-json\/wp\/v2\/posts\/78712\/revisions\/78714"}],"wp:featuredmedia":[{"embeddable":true,"href":"https:\/\/eldiariodesanpedro.com.ar\/sitio\/wp-json\/wp\/v2\/media\/78713"}],"wp:attachment":[{"href":"https:\/\/eldiariodesanpedro.com.ar\/sitio\/wp-json\/wp\/v2\/media?parent=78712"}],"wp:term":[{"taxonomy":"category","embeddable":true,"href":"https:\/\/eldiariodesanpedro.com.ar\/sitio\/wp-json\/wp\/v2\/categories?post=78712"},{"taxonomy":"post_tag","embeddable":true,"href":"https:\/\/eldiariodesanpedro.com.ar\/sitio\/wp-json\/wp\/v2\/tags?post=78712"}],"curies":[{"name":"wp","href":"https:\/\/api.w.org\/{rel}","templated":true}]}}