{"id":78709,"date":"2020-07-31T18:46:14","date_gmt":"2020-07-31T21:46:14","guid":{"rendered":"https:\/\/eldiariodesanpedro.com.ar\/sitio\/?p=78709"},"modified":"2020-07-31T18:46:15","modified_gmt":"2020-07-31T21:46:15","slug":"el-presidente-extendio-la-cuarentena-hasta-el-proximo-16-de-agosto","status":"publish","type":"post","link":"https:\/\/eldiariodesanpedro.com.ar\/sitio\/el-presidente-extendio-la-cuarentena-hasta-el-proximo-16-de-agosto\/","title":{"rendered":"El Presidente extendi\u00f3 la cuarentena hasta el pr\u00f3ximo 16 de agosto"},"content":{"rendered":"<!-- VideographyWP Plugin Message: Automatic video embedding prevented by plugin options. -->\n\n<p>Alberto Fern\u00e1ndez confirm\u00f3 en la jornada de hoy continuar\u00e1 bajo las mismas condiciones de aislamiento social, preventivo y obligatorio desde el 3 hasta el 16 de agosto, para continuar haciendo frente a la pandemia.<\/p>\n\n\n\n<p>En un anuncio oficial llevado a cabo desde la residencia de Olivos, el Presidente de la Naci\u00f3n, Alberto Fern\u00e1ndez, acompa\u00f1ado por el Gobernador de la Provincia de Buenos Aires, Axel Kicillof; y el Jefe de Gobierno porte\u00f1o, Horacio Rodr\u00edguez Larreta; confirm\u00f3 la extensi\u00f3n del esquema de aislamiento social, preventivo y obligatorio en el AMBA hasta la jornada del domingo 16 de agosto.<\/p>\n\n\n\n<p>En su comunicado, el jefe de Estado remarc\u00f3 la importancia de ser responsables, y recalc\u00f3 que el pa\u00eds atraviesa actualmente un momento de crecimiento en t\u00e9rminos de circulaci\u00f3n del virus, principalmente en esta \u00e1rea, pero que ha empezado a expandirse a otras zonas del pa\u00eds, tales como Santa Fe, C\u00f3rdoba y Entre R\u00edos.<\/p>\n\n\n\n<p>Si bien en los \u00faltimos 15 d\u00edas los contagios y su tasa de mortalidad han aumentado, el primer mandatario asegur\u00f3 que el sistema sanitario ha logrado por el momento soportar las necesidades de una forma adecuadas, pero que la poblaci\u00f3n de estar atenta a esta expansi\u00f3n, donde la responsabilidad individual comienza a jugar un rol fundamental para evitar el contagio, especialmente en distritos donde tales protocolos se han relajado \u00faltimamente.<\/p>\n\n\n\n<p>En cuanto a las dificultades econ\u00f3micas presentadas por el actual contexto, y que cada vez ocupan un lugar central en el debate y la opini\u00f3n p\u00fablica, Fern\u00e1ndez ratific\u00f3 que se mantendr\u00e1n los programas ATP e IFE, especialmente para aquellos que m\u00e1s los necesiten, a la vez que prometi\u00f3 la continuidad de los encuentros con los l\u00edderes ejecutivos bonaerenses.<\/p>\n\n\n\n<p>Por su parte, el Gobernador de la Provincia de Buenos Aires, Axel Kicillof agradeci\u00f3 al pueblo de la regi\u00f3n \u201cpor el esfuerzo y la solidaridad que est\u00e1n poniendo en este momento de dificultad\u201d, a la vez que asegur\u00f3: \u201cLos desbordes que se ven en los sistemas de salud de todo el mundo, los evitamos con la cuarentena y con el cambio cultural que nos trajo el coronavirus\u201d.<\/p>\n","protected":false},"excerpt":{"rendered":"<p>Alberto Fern\u00e1ndez confirm\u00f3 en la jornada de hoy continuar\u00e1 bajo las mismas condiciones de aislamiento social, preventivo y obligatorio desde el 3 hasta el 16 de agosto, para continuar haciendo frente a la pandemia. En un anuncio oficial llevado a cabo desde la residencia de Olivos, el Presidente de la Naci\u00f3n, Alberto Fern\u00e1ndez, acompa\u00f1ado por [&hellip;]<\/p>\n","protected":false},"author":4,"featured_media":78710,"comment_status":"open","ping_status":"closed","sticky":false,"template":"","format":"standard","meta":{"om_disable_all_campaigns":false,"_jetpack_memberships_contains_paid_content":false,"footnotes":""},"categories":[621],"tags":[657,197,808,842,681],"class_list":["post-78709","post","type-post","status-publish","format-standard","has-post-thumbnail","hentry","category-regionales","tag-argentina","tag-buenos-aires","tag-coronavirus","tag-cuarentena","tag-regionales"],"aioseo_notices":[],"gutentor_comment":0,"jetpack_featured_media_url":"https:\/\/eldiariodesanpedro.com.ar\/sitio\/wp-content\/uploads\/2020\/07\/20200731035014.jpg","jetpack_shortlink":"https:\/\/wp.me\/p6RhLt-ktv","jetpack_sharing_enabled":true,"_links":{"self":[{"href":"https:\/\/eldiariodesanpedro.com.ar\/sitio\/wp-json\/wp\/v2\/posts\/78709","targetHints":{"allow":["GET"]}}],"collection":[{"href":"https:\/\/eldiariodesanpedro.com.ar\/sitio\/wp-json\/wp\/v2\/posts"}],"about":[{"href":"https:\/\/eldiariodesanpedro.com.ar\/sitio\/wp-json\/wp\/v2\/types\/post"}],"author":[{"embeddable":true,"href":"https:\/\/eldiariodesanpedro.com.ar\/sitio\/wp-json\/wp\/v2\/users\/4"}],"replies":[{"embeddable":true,"href":"https:\/\/eldiariodesanpedro.com.ar\/sitio\/wp-json\/wp\/v2\/comments?post=78709"}],"version-history":[{"count":1,"href":"https:\/\/eldiariodesanpedro.com.ar\/sitio\/wp-json\/wp\/v2\/posts\/78709\/revisions"}],"predecessor-version":[{"id":78711,"href":"https:\/\/eldiariodesanpedro.com.ar\/sitio\/wp-json\/wp\/v2\/posts\/78709\/revisions\/78711"}],"wp:featuredmedia":[{"embeddable":true,"href":"https:\/\/eldiariodesanpedro.com.ar\/sitio\/wp-json\/wp\/v2\/media\/78710"}],"wp:attachment":[{"href":"https:\/\/eldiariodesanpedro.com.ar\/sitio\/wp-json\/wp\/v2\/media?parent=78709"}],"wp:term":[{"taxonomy":"category","embeddable":true,"href":"https:\/\/eldiariodesanpedro.com.ar\/sitio\/wp-json\/wp\/v2\/categories?post=78709"},{"taxonomy":"post_tag","embeddable":true,"href":"https:\/\/eldiariodesanpedro.com.ar\/sitio\/wp-json\/wp\/v2\/tags?post=78709"}],"curies":[{"name":"wp","href":"https:\/\/api.w.org\/{rel}","templated":true}]}}