{"id":78693,"date":"2020-07-31T13:26:05","date_gmt":"2020-07-31T16:26:05","guid":{"rendered":"https:\/\/eldiariodesanpedro.com.ar\/sitio\/?p=78693"},"modified":"2020-07-31T13:26:06","modified_gmt":"2020-07-31T16:26:06","slug":"denuncia-de-estafa-en-compra-por-facebook","status":"publish","type":"post","link":"https:\/\/eldiariodesanpedro.com.ar\/sitio\/denuncia-de-estafa-en-compra-por-facebook\/","title":{"rendered":"Denuncia de estafa en compra por Facebook"},"content":{"rendered":"<!-- VideographyWP Plugin Message: Automatic video embedding prevented by plugin options. -->\n\n<p>En la jornada de este jueves un ciudadano de 47 a\u00f1os se acerc\u00f3 hasta la comisar\u00eda local para realizar una denuncia donde informa que realiz\u00f3 una compra mediante red social Facebook de dos tel\u00e9fonos a bajo precio ofertante por la empresa \u201cABC Electr\u00f3nica\u201d no recibiendo los productos tras coordinaci\u00f3n de entrega, pese a estar pagos.&nbsp;<\/p>\n\n\n\n<p>Realiz\u00f3 el correspondiente reclamo pero le solicitaban m\u00e1s dinero de los acordado previamente, percatandose que lo hab\u00edan enga\u00f1ado.&nbsp;<\/p>\n\n\n\n<p>Investiga la fiscal\u00eda en turno local.<\/p>\n","protected":false},"excerpt":{"rendered":"<p>En la jornada de este jueves un ciudadano de 47 a\u00f1os se acerc\u00f3 hasta la comisar\u00eda local para realizar una denuncia donde informa que realiz\u00f3 una compra mediante red social Facebook de dos tel\u00e9fonos a bajo precio ofertante por la empresa \u201cABC Electr\u00f3nica\u201d no recibiendo los productos tras coordinaci\u00f3n de entrega, pese a estar pagos.&nbsp; [&hellip;]<\/p>\n","protected":false},"author":4,"featured_media":78694,"comment_status":"open","ping_status":"closed","sticky":false,"template":"","format":"standard","meta":{"om_disable_all_campaigns":false,"_jetpack_memberships_contains_paid_content":false,"footnotes":""},"categories":[2,103],"tags":[197,33,95],"class_list":["post-78693","post","type-post","status-publish","format-standard","has-post-thumbnail","hentry","category-locales","category-policiales-locales","tag-buenos-aires","tag-locales","tag-policiales"],"aioseo_notices":[],"gutentor_comment":0,"jetpack_featured_media_url":"https:\/\/eldiariodesanpedro.com.ar\/sitio\/wp-content\/uploads\/2020\/07\/470275.jpg","jetpack_shortlink":"https:\/\/wp.me\/p6RhLt-ktf","jetpack_sharing_enabled":true,"_links":{"self":[{"href":"https:\/\/eldiariodesanpedro.com.ar\/sitio\/wp-json\/wp\/v2\/posts\/78693","targetHints":{"allow":["GET"]}}],"collection":[{"href":"https:\/\/eldiariodesanpedro.com.ar\/sitio\/wp-json\/wp\/v2\/posts"}],"about":[{"href":"https:\/\/eldiariodesanpedro.com.ar\/sitio\/wp-json\/wp\/v2\/types\/post"}],"author":[{"embeddable":true,"href":"https:\/\/eldiariodesanpedro.com.ar\/sitio\/wp-json\/wp\/v2\/users\/4"}],"replies":[{"embeddable":true,"href":"https:\/\/eldiariodesanpedro.com.ar\/sitio\/wp-json\/wp\/v2\/comments?post=78693"}],"version-history":[{"count":1,"href":"https:\/\/eldiariodesanpedro.com.ar\/sitio\/wp-json\/wp\/v2\/posts\/78693\/revisions"}],"predecessor-version":[{"id":78695,"href":"https:\/\/eldiariodesanpedro.com.ar\/sitio\/wp-json\/wp\/v2\/posts\/78693\/revisions\/78695"}],"wp:featuredmedia":[{"embeddable":true,"href":"https:\/\/eldiariodesanpedro.com.ar\/sitio\/wp-json\/wp\/v2\/media\/78694"}],"wp:attachment":[{"href":"https:\/\/eldiariodesanpedro.com.ar\/sitio\/wp-json\/wp\/v2\/media?parent=78693"}],"wp:term":[{"taxonomy":"category","embeddable":true,"href":"https:\/\/eldiariodesanpedro.com.ar\/sitio\/wp-json\/wp\/v2\/categories?post=78693"},{"taxonomy":"post_tag","embeddable":true,"href":"https:\/\/eldiariodesanpedro.com.ar\/sitio\/wp-json\/wp\/v2\/tags?post=78693"}],"curies":[{"name":"wp","href":"https:\/\/api.w.org\/{rel}","templated":true}]}}