{"id":78674,"date":"2020-07-31T11:14:39","date_gmt":"2020-07-31T14:14:39","guid":{"rendered":"https:\/\/eldiariodesanpedro.com.ar\/sitio\/?p=78674"},"modified":"2020-07-31T11:14:43","modified_gmt":"2020-07-31T14:14:43","slug":"denuncia-por-el-robo-de-una-motocicleta","status":"publish","type":"post","link":"https:\/\/eldiariodesanpedro.com.ar\/sitio\/denuncia-por-el-robo-de-una-motocicleta\/","title":{"rendered":"Denuncia por el robo de una motocicleta"},"content":{"rendered":"<!-- VideographyWP Plugin Message: Automatic video embedding prevented by plugin options. -->\n\n<p>En la comisar\u00eda de la ciudad se recibi\u00f3 una denuncia por parte de una mujer de 26 a\u00f1os de edad a quien le sustrajeron una motocicleta.<\/p>\n\n\n\n<p>La ciudadana realiz\u00f3 una denuncia donde manifiesta haber dejado estacionada una motocicleta tipo 110 cc de su propiedad en la vereda de su domicilio que momento despu\u00e9s al egresar de la vivienda constata que autores ignorados sustrajeron el rodado.<\/p>\n\n\n\n<p>El gabinete criminol\u00f3gico se encuentra en proceso de investigaci\u00f3n para dar con el paradero de la misma.<\/p>\n","protected":false},"excerpt":{"rendered":"<p>En la comisar\u00eda de la ciudad se recibi\u00f3 una denuncia por parte de una mujer de 26 a\u00f1os de edad a quien le sustrajeron una motocicleta. La ciudadana realiz\u00f3 una denuncia donde manifiesta haber dejado estacionada una motocicleta tipo 110 cc de su propiedad en la vereda de su domicilio que momento despu\u00e9s al egresar [&hellip;]<\/p>\n","protected":false},"author":4,"featured_media":45394,"comment_status":"open","ping_status":"closed","sticky":false,"template":"","format":"standard","meta":{"om_disable_all_campaigns":false,"_jetpack_memberships_contains_paid_content":false,"footnotes":""},"categories":[2,103],"tags":[197,33,95],"class_list":["post-78674","post","type-post","status-publish","format-standard","has-post-thumbnail","hentry","category-locales","category-policiales-locales","tag-buenos-aires","tag-locales","tag-policiales"],"aioseo_notices":[],"gutentor_comment":0,"jetpack_featured_media_url":"https:\/\/eldiariodesanpedro.com.ar\/sitio\/wp-content\/uploads\/2019\/01\/comisaria.jpg","jetpack_shortlink":"https:\/\/wp.me\/p6RhLt-ksW","jetpack_sharing_enabled":true,"_links":{"self":[{"href":"https:\/\/eldiariodesanpedro.com.ar\/sitio\/wp-json\/wp\/v2\/posts\/78674","targetHints":{"allow":["GET"]}}],"collection":[{"href":"https:\/\/eldiariodesanpedro.com.ar\/sitio\/wp-json\/wp\/v2\/posts"}],"about":[{"href":"https:\/\/eldiariodesanpedro.com.ar\/sitio\/wp-json\/wp\/v2\/types\/post"}],"author":[{"embeddable":true,"href":"https:\/\/eldiariodesanpedro.com.ar\/sitio\/wp-json\/wp\/v2\/users\/4"}],"replies":[{"embeddable":true,"href":"https:\/\/eldiariodesanpedro.com.ar\/sitio\/wp-json\/wp\/v2\/comments?post=78674"}],"version-history":[{"count":1,"href":"https:\/\/eldiariodesanpedro.com.ar\/sitio\/wp-json\/wp\/v2\/posts\/78674\/revisions"}],"predecessor-version":[{"id":78675,"href":"https:\/\/eldiariodesanpedro.com.ar\/sitio\/wp-json\/wp\/v2\/posts\/78674\/revisions\/78675"}],"wp:featuredmedia":[{"embeddable":true,"href":"https:\/\/eldiariodesanpedro.com.ar\/sitio\/wp-json\/wp\/v2\/media\/45394"}],"wp:attachment":[{"href":"https:\/\/eldiariodesanpedro.com.ar\/sitio\/wp-json\/wp\/v2\/media?parent=78674"}],"wp:term":[{"taxonomy":"category","embeddable":true,"href":"https:\/\/eldiariodesanpedro.com.ar\/sitio\/wp-json\/wp\/v2\/categories?post=78674"},{"taxonomy":"post_tag","embeddable":true,"href":"https:\/\/eldiariodesanpedro.com.ar\/sitio\/wp-json\/wp\/v2\/tags?post=78674"}],"curies":[{"name":"wp","href":"https:\/\/api.w.org\/{rel}","templated":true}]}}