{"id":78672,"date":"2020-07-31T11:08:04","date_gmt":"2020-07-31T14:08:04","guid":{"rendered":"https:\/\/eldiariodesanpedro.com.ar\/sitio\/?p=78672"},"modified":"2020-07-31T11:08:08","modified_gmt":"2020-07-31T14:08:08","slug":"un-aprehendido-por-paradero-activo-6","status":"publish","type":"post","link":"https:\/\/eldiariodesanpedro.com.ar\/sitio\/un-aprehendido-por-paradero-activo-6\/","title":{"rendered":"Un aprehendido por paradero activo"},"content":{"rendered":"<!-- VideographyWP Plugin Message: Automatic video embedding prevented by plugin options. -->\n\n<p>Este viernes por la ma\u00f1ana el Personal Policial de nuestra ciudad que se encontraba en recorrida preventiva se hace presente en la intersecci\u00f3n de las calles Gral. Pueyrredon y Benefactora Sampedrina, donde se aprehende masculino de 29 a\u00f1os, quien registra pedido pedido de paradero activo por una causa judicial desde el a\u00f1o 2012 con intervenci\u00f3n de la Fiscal\u00eda N\u00ba 7 de San Pedro.&nbsp;Tras los recaudos legales esta persona fue liberada.<\/p>\n","protected":false},"excerpt":{"rendered":"<p>Este viernes por la ma\u00f1ana el Personal Policial de nuestra ciudad que se encontraba en recorrida preventiva se hace presente en la intersecci\u00f3n de las calles Gral. Pueyrredon y Benefactora Sampedrina, donde se aprehende masculino de 29 a\u00f1os, quien registra pedido pedido de paradero activo por una causa judicial desde el a\u00f1o 2012 con intervenci\u00f3n [&hellip;]<\/p>\n","protected":false},"author":4,"featured_media":77860,"comment_status":"open","ping_status":"closed","sticky":false,"template":"","format":"standard","meta":{"om_disable_all_campaigns":false,"_jetpack_memberships_contains_paid_content":false,"footnotes":""},"categories":[2,103],"tags":[197,33,95],"class_list":["post-78672","post","type-post","status-publish","format-standard","has-post-thumbnail","hentry","category-locales","category-policiales-locales","tag-buenos-aires","tag-locales","tag-policiales"],"aioseo_notices":[],"gutentor_comment":0,"jetpack_featured_media_url":"https:\/\/eldiariodesanpedro.com.ar\/sitio\/wp-content\/uploads\/2020\/07\/000085506.jpg","jetpack_shortlink":"https:\/\/wp.me\/p6RhLt-ksU","jetpack_sharing_enabled":true,"_links":{"self":[{"href":"https:\/\/eldiariodesanpedro.com.ar\/sitio\/wp-json\/wp\/v2\/posts\/78672","targetHints":{"allow":["GET"]}}],"collection":[{"href":"https:\/\/eldiariodesanpedro.com.ar\/sitio\/wp-json\/wp\/v2\/posts"}],"about":[{"href":"https:\/\/eldiariodesanpedro.com.ar\/sitio\/wp-json\/wp\/v2\/types\/post"}],"author":[{"embeddable":true,"href":"https:\/\/eldiariodesanpedro.com.ar\/sitio\/wp-json\/wp\/v2\/users\/4"}],"replies":[{"embeddable":true,"href":"https:\/\/eldiariodesanpedro.com.ar\/sitio\/wp-json\/wp\/v2\/comments?post=78672"}],"version-history":[{"count":1,"href":"https:\/\/eldiariodesanpedro.com.ar\/sitio\/wp-json\/wp\/v2\/posts\/78672\/revisions"}],"predecessor-version":[{"id":78673,"href":"https:\/\/eldiariodesanpedro.com.ar\/sitio\/wp-json\/wp\/v2\/posts\/78672\/revisions\/78673"}],"wp:featuredmedia":[{"embeddable":true,"href":"https:\/\/eldiariodesanpedro.com.ar\/sitio\/wp-json\/wp\/v2\/media\/77860"}],"wp:attachment":[{"href":"https:\/\/eldiariodesanpedro.com.ar\/sitio\/wp-json\/wp\/v2\/media?parent=78672"}],"wp:term":[{"taxonomy":"category","embeddable":true,"href":"https:\/\/eldiariodesanpedro.com.ar\/sitio\/wp-json\/wp\/v2\/categories?post=78672"},{"taxonomy":"post_tag","embeddable":true,"href":"https:\/\/eldiariodesanpedro.com.ar\/sitio\/wp-json\/wp\/v2\/tags?post=78672"}],"curies":[{"name":"wp","href":"https:\/\/api.w.org\/{rel}","templated":true}]}}