{"id":78668,"date":"2020-07-31T11:01:49","date_gmt":"2020-07-31T14:01:49","guid":{"rendered":"https:\/\/eldiariodesanpedro.com.ar\/sitio\/?p=78668"},"modified":"2020-07-31T11:01:54","modified_gmt":"2020-07-31T14:01:54","slug":"se-realizaron-allanamientos-tras-un-robo-de-dos-celulares","status":"publish","type":"post","link":"https:\/\/eldiariodesanpedro.com.ar\/sitio\/se-realizaron-allanamientos-tras-un-robo-de-dos-celulares\/","title":{"rendered":"Se realizaron allanamientos tras un robo de dos celulares"},"content":{"rendered":"<!-- VideographyWP Plugin Message: Automatic video embedding prevented by plugin options. -->\n\n<p>Este jueves en horas de la ma\u00f1ana el personal del Gabinete Criminol\u00f3gico con el apoyo del GTO de la comisar\u00eda, realizaron una diligencia orden de allanamiento de urgencia autorizado por la justicia ordinaria, domicilio Javier Rivero 2000, procediendo al secuestro de un tel\u00e9fono celular recientemente sustra\u00eddo, como as\u00ed a la demora de los moradores, tres masculinos mayores de edad, de nacionalidad colombiana de 59, 40 y 28 a\u00f1os de edad.&nbsp;<\/p>\n\n\n\n<p>El hecho inicial se dio en las primeras horas de ayer en el interior de una vivienda ubicada en calle Hermano Indio 1800, tras violentar ventana, propiedad de una mujer de 37 a\u00f1os de edad, donde delincuentes robaron dos tel\u00e9fonos celulares.<\/p>\n\n\n\n<p>Las pertenencias recuperadas fueron restituidas a la v\u00edctima e intervino la fiscal\u00eda en turno local, disponiendo para uno de los demorados imputado del delito de encubrimiento.&nbsp;<\/p>\n\n\n\n<p>Se buscaba en la diligencia otro tel\u00e9fono celular sustra\u00eddo, no hallado, desencadenando otro allanamiento de urgencia en cercan\u00edas del primero, donde reside un masculino que hab\u00eda vendido momentos antes el tel\u00e9fono sustra\u00eddo al colombiano, no obteniendo resultado positivo. Se contin\u00faan las investigaciones con intervenci\u00f3n de la fiscal\u00eda en turno local.<\/p>\n\n\n\n<figure class=\"wp-block-image size-large\"><img decoding=\"async\" width=\"1024\" height=\"768\" data-attachment-id=\"78670\" data-permalink=\"https:\/\/eldiariodesanpedro.com.ar\/sitio\/se-realizaron-allanamientos-tras-un-robo-de-dos-celulares\/whatsapp-image-2020-07-31-at-10-44-21\/\" data-orig-file=\"https:\/\/eldiariodesanpedro.com.ar\/sitio\/wp-content\/uploads\/2020\/07\/WhatsApp-Image-2020-07-31-at-10.44.21.jpeg\" data-orig-size=\"1024,768\" data-comments-opened=\"1\" data-image-meta=\"{&quot;aperture&quot;:&quot;0&quot;,&quot;credit&quot;:&quot;&quot;,&quot;camera&quot;:&quot;&quot;,&quot;caption&quot;:&quot;&quot;,&quot;created_timestamp&quot;:&quot;0&quot;,&quot;copyright&quot;:&quot;&quot;,&quot;focal_length&quot;:&quot;0&quot;,&quot;iso&quot;:&quot;0&quot;,&quot;shutter_speed&quot;:&quot;0&quot;,&quot;title&quot;:&quot;&quot;,&quot;orientation&quot;:&quot;0&quot;}\" data-image-title=\"WhatsApp Image 2020-07-31 at 10.44.21\" data-image-description=\"\" data-image-caption=\"\" data-large-file=\"https:\/\/eldiariodesanpedro.com.ar\/sitio\/wp-content\/uploads\/2020\/07\/WhatsApp-Image-2020-07-31-at-10.44.21.jpeg\" data-src=\"https:\/\/eldiariodesanpedro.com.ar\/sitio\/wp-content\/uploads\/2020\/07\/WhatsApp-Image-2020-07-31-at-10.44.21.jpeg\" alt=\"\" class=\"wp-image-78670 lazyload\" data-srcset=\"https:\/\/eldiariodesanpedro.com.ar\/sitio\/wp-content\/uploads\/2020\/07\/WhatsApp-Image-2020-07-31-at-10.44.21.jpeg 1024w, https:\/\/eldiariodesanpedro.com.ar\/sitio\/wp-content\/uploads\/2020\/07\/WhatsApp-Image-2020-07-31-at-10.44.21-300x225.jpeg 300w, https:\/\/eldiariodesanpedro.com.ar\/sitio\/wp-content\/uploads\/2020\/07\/WhatsApp-Image-2020-07-31-at-10.44.21-768x576.jpeg 768w, https:\/\/eldiariodesanpedro.com.ar\/sitio\/wp-content\/uploads\/2020\/07\/WhatsApp-Image-2020-07-31-at-10.44.21-500x375.jpeg 500w\" data-sizes=\"(max-width: 1024px) 100vw, 1024px\" src=\"data:image\/svg+xml;base64,PHN2ZyB3aWR0aD0iMSIgaGVpZ2h0PSIxIiB4bWxucz0iaHR0cDovL3d3dy53My5vcmcvMjAwMC9zdmciPjwvc3ZnPg==\" style=\"--smush-placeholder-width: 1024px; --smush-placeholder-aspect-ratio: 1024\/768;\" \/><\/figure>\n","protected":false},"excerpt":{"rendered":"<p>Este jueves en horas de la ma\u00f1ana el personal del Gabinete Criminol\u00f3gico con el apoyo del GTO de la comisar\u00eda, realizaron una diligencia orden de allanamiento de urgencia autorizado por la justicia ordinaria, domicilio Javier Rivero 2000, procediendo al secuestro de un tel\u00e9fono celular recientemente sustra\u00eddo, como as\u00ed a la demora de los moradores, tres [&hellip;]<\/p>\n","protected":false},"author":4,"featured_media":78669,"comment_status":"open","ping_status":"closed","sticky":false,"template":"","format":"standard","meta":{"om_disable_all_campaigns":false,"_jetpack_memberships_contains_paid_content":false,"footnotes":""},"categories":[2,103],"tags":[197,33,95],"class_list":["post-78668","post","type-post","status-publish","format-standard","has-post-thumbnail","hentry","category-locales","category-policiales-locales","tag-buenos-aires","tag-locales","tag-policiales"],"aioseo_notices":[],"gutentor_comment":0,"jetpack_featured_media_url":"https:\/\/eldiariodesanpedro.com.ar\/sitio\/wp-content\/uploads\/2020\/07\/WhatsApp-Image-2020-07-31-at-10.44.21-1.jpeg","jetpack_shortlink":"https:\/\/wp.me\/p6RhLt-ksQ","jetpack_sharing_enabled":true,"_links":{"self":[{"href":"https:\/\/eldiariodesanpedro.com.ar\/sitio\/wp-json\/wp\/v2\/posts\/78668","targetHints":{"allow":["GET"]}}],"collection":[{"href":"https:\/\/eldiariodesanpedro.com.ar\/sitio\/wp-json\/wp\/v2\/posts"}],"about":[{"href":"https:\/\/eldiariodesanpedro.com.ar\/sitio\/wp-json\/wp\/v2\/types\/post"}],"author":[{"embeddable":true,"href":"https:\/\/eldiariodesanpedro.com.ar\/sitio\/wp-json\/wp\/v2\/users\/4"}],"replies":[{"embeddable":true,"href":"https:\/\/eldiariodesanpedro.com.ar\/sitio\/wp-json\/wp\/v2\/comments?post=78668"}],"version-history":[{"count":1,"href":"https:\/\/eldiariodesanpedro.com.ar\/sitio\/wp-json\/wp\/v2\/posts\/78668\/revisions"}],"predecessor-version":[{"id":78671,"href":"https:\/\/eldiariodesanpedro.com.ar\/sitio\/wp-json\/wp\/v2\/posts\/78668\/revisions\/78671"}],"wp:featuredmedia":[{"embeddable":true,"href":"https:\/\/eldiariodesanpedro.com.ar\/sitio\/wp-json\/wp\/v2\/media\/78669"}],"wp:attachment":[{"href":"https:\/\/eldiariodesanpedro.com.ar\/sitio\/wp-json\/wp\/v2\/media?parent=78668"}],"wp:term":[{"taxonomy":"category","embeddable":true,"href":"https:\/\/eldiariodesanpedro.com.ar\/sitio\/wp-json\/wp\/v2\/categories?post=78668"},{"taxonomy":"post_tag","embeddable":true,"href":"https:\/\/eldiariodesanpedro.com.ar\/sitio\/wp-json\/wp\/v2\/tags?post=78668"}],"curies":[{"name":"wp","href":"https:\/\/api.w.org\/{rel}","templated":true}]}}