{"id":78665,"date":"2020-07-31T10:20:16","date_gmt":"2020-07-31T13:20:16","guid":{"rendered":"https:\/\/eldiariodesanpedro.com.ar\/sitio\/?p=78665"},"modified":"2020-07-31T10:20:19","modified_gmt":"2020-07-31T13:20:19","slug":"despues-de-dos-meses-lucas-rodriguez-se-reencontro-con-sus-hijos","status":"publish","type":"post","link":"https:\/\/eldiariodesanpedro.com.ar\/sitio\/despues-de-dos-meses-lucas-rodriguez-se-reencontro-con-sus-hijos\/","title":{"rendered":"Despu\u00e9s de dos meses Lucas Rodr\u00edguez se reencontr\u00f3 con sus hijos"},"content":{"rendered":"<!-- VideographyWP Plugin Message: Automatic video embedding prevented by plugin options. -->\n\n<p>El relator de FM G\u00e9nesis fue dado de alta y tuvo un emocionante encuentro con sus hijos despu\u00e9s del trance que le toc\u00f3 atravesar.<\/p>\n\n\n\n<p>De a poco y con mucha fe el relator de f\u00fatbol Lucas Rodr\u00edguez va reencausando su vida. Luego del duro momento que le toc\u00f3 atravesar al ser diagnosticado con covid positivo, el talense recibi\u00f3 el alta m\u00e9dica y ya podr\u00e1 hacer vida normal.<\/p>\n\n\n\n<p>En medio de todo esto, hasta se dio el gusto de relatar su propio partido de f\u00fatbol destacando a cada uno de los funcionarios y profesionales que estuvieron junto a su familia durante la internaci\u00f3n.<\/p>\n\n\n\n<p>Pero el momento que m\u00e1s esperaba, \u201cel partido m\u00e1s emocionante\u201d, como \u00e9l dice, fue el de reencontrarse con sus hijos a quienes por todos los protocolos sanitarios establecidos no pudo ver durante dos meses, y el mi\u00e9rcoles por la tarde, logr\u00f3 abrazar y llorar junto a Mateo y Felipe, los ni\u00f1os de 6 y 4 a\u00f1os que volvieron a estar con su pap\u00e1.<\/p>\n\n\n\n<p>\u201cFue una emoci\u00f3n tremenda\u201d, dijo. \u201cMe llor\u00e9 todo\u201d.<\/p>\n\n\n\n<p>El relator hab\u00eda dado covid positivo hace unas semanas pero se encontraba aislado desde hac\u00eda varios d\u00edas debido a que su abuelo, el pap\u00e1 y la mam\u00e1 tambi\u00e9n hab\u00edan sido diagnosticados con el mismo cuadro. Lamentablemente su abuelo, Ricardo Piris y su pap\u00e1 Silvestre Rodr\u00edguez fallecieron con una semana de diferencia. Mientras tanto su mam\u00e1 logr\u00f3 recuperarse y ya fue dada de alta.<\/p>\n\n\n\n<p>La otra buena noticia es que desde el viernes Lucas Rodr\u00edguez se reincorporar\u00e1 a su labor diaria como carnicero en un comercio de la calle Gomendio en nuestra ciudad. Despu\u00e9s, cuando se reanude el f\u00fatbol su voz volver\u00e1 a sonar en los o\u00eddos de los oyentes de toda la regi\u00f3n.<\/p>\n\n\n\n<p>Fuente: <a href=\"https:\/\/www.sanpedroinforma.com.ar\/nota\/123534\/sociedad\/despues-de-dos-meses-lucas-rodriguez-se-reencontro-con-sus-hijos.html\">San Pedro Informa<\/a><\/p>\n","protected":false},"excerpt":{"rendered":"<p>El relator de FM G\u00e9nesis fue dado de alta y tuvo un emocionante encuentro con sus hijos despu\u00e9s del trance que le toc\u00f3 atravesar. De a poco y con mucha fe el relator de f\u00fatbol Lucas Rodr\u00edguez va reencausando su vida. Luego del duro momento que le toc\u00f3 atravesar al ser diagnosticado con covid positivo, [&hellip;]<\/p>\n","protected":false},"author":4,"featured_media":78666,"comment_status":"open","ping_status":"closed","sticky":false,"template":"","format":"standard","meta":{"om_disable_all_campaigns":false,"_jetpack_memberships_contains_paid_content":false,"footnotes":""},"categories":[101,2],"tags":[197,696,33],"class_list":["post-78665","post","type-post","status-publish","format-standard","has-post-thumbnail","hentry","category-interes-general-locales","category-locales","tag-buenos-aires","tag-interes-general","tag-locales"],"aioseo_notices":[],"gutentor_comment":0,"jetpack_featured_media_url":"https:\/\/eldiariodesanpedro.com.ar\/sitio\/wp-content\/uploads\/2020\/07\/000085917.jpg","jetpack_shortlink":"https:\/\/wp.me\/p6RhLt-ksN","jetpack_sharing_enabled":true,"_links":{"self":[{"href":"https:\/\/eldiariodesanpedro.com.ar\/sitio\/wp-json\/wp\/v2\/posts\/78665","targetHints":{"allow":["GET"]}}],"collection":[{"href":"https:\/\/eldiariodesanpedro.com.ar\/sitio\/wp-json\/wp\/v2\/posts"}],"about":[{"href":"https:\/\/eldiariodesanpedro.com.ar\/sitio\/wp-json\/wp\/v2\/types\/post"}],"author":[{"embeddable":true,"href":"https:\/\/eldiariodesanpedro.com.ar\/sitio\/wp-json\/wp\/v2\/users\/4"}],"replies":[{"embeddable":true,"href":"https:\/\/eldiariodesanpedro.com.ar\/sitio\/wp-json\/wp\/v2\/comments?post=78665"}],"version-history":[{"count":1,"href":"https:\/\/eldiariodesanpedro.com.ar\/sitio\/wp-json\/wp\/v2\/posts\/78665\/revisions"}],"predecessor-version":[{"id":78667,"href":"https:\/\/eldiariodesanpedro.com.ar\/sitio\/wp-json\/wp\/v2\/posts\/78665\/revisions\/78667"}],"wp:featuredmedia":[{"embeddable":true,"href":"https:\/\/eldiariodesanpedro.com.ar\/sitio\/wp-json\/wp\/v2\/media\/78666"}],"wp:attachment":[{"href":"https:\/\/eldiariodesanpedro.com.ar\/sitio\/wp-json\/wp\/v2\/media?parent=78665"}],"wp:term":[{"taxonomy":"category","embeddable":true,"href":"https:\/\/eldiariodesanpedro.com.ar\/sitio\/wp-json\/wp\/v2\/categories?post=78665"},{"taxonomy":"post_tag","embeddable":true,"href":"https:\/\/eldiariodesanpedro.com.ar\/sitio\/wp-json\/wp\/v2\/tags?post=78665"}],"curies":[{"name":"wp","href":"https:\/\/api.w.org\/{rel}","templated":true}]}}