{"id":78660,"date":"2020-07-31T08:27:16","date_gmt":"2020-07-31T11:27:16","guid":{"rendered":"https:\/\/eldiariodesanpedro.com.ar\/sitio\/?p=78660"},"modified":"2020-07-31T08:27:20","modified_gmt":"2020-07-31T11:27:20","slug":"calendario-de-pagos-para-este-viernes","status":"publish","type":"post","link":"https:\/\/eldiariodesanpedro.com.ar\/sitio\/calendario-de-pagos-para-este-viernes\/","title":{"rendered":"Calendario de pagos para este viernes"},"content":{"rendered":"<!-- VideographyWP Plugin Message: Automatic video embedding prevented by plugin options. -->\n\n<p><strong>Prestaci\u00f3n por Desempleo<\/strong><\/p>\n\n\n\n<p>Hoy cobran la Prestaci\u00f3n por Desempleo las personas cuyos documentos finalizan en\u00a0<strong>8\u00a0<\/strong>y<strong>\u00a09<\/strong>.<\/p>\n\n\n\n<p><strong>CALENDARIOS DE PAGO DE AGOSTO<\/strong><\/p>\n\n\n\n<p>La ANSES informa los calendarios de pago del mes de agosto para jubilados y pensionados, Pensiones No Contributivas, beneficiarios de la\u00a0Asignaci\u00f3n Universal por Hijo y por Embarazo, de la Prestaci\u00f3n por Desempleo y Asignaciones Familiares y de Pago \u00danico (Matrimonio, Nacimiento y Adopci\u00f3n).\u00a0<\/p>\n\n\n\n<p>La Anses dio a conocer el cronograma de pago a los beneficiarios de las Prestaciones del Sistema Integrado Previsional Argentino (Sipa), jubilados y pensionados, correspondiente al mes de agosto de 2020.<\/p>\n\n\n\n<p><strong>Pensiones no contributivas<\/strong><br>DNI terminados en 0 y 1: 3 de agosto<br>DNI terminados en 2 y 3: 4 de agosto<br>DNI terminados en 4 y 5: 5 de agosto<br>DNI terminados en 6 y 7: 6 de agosto<br>DNI terminados en 8 y 9: 7 de agosto .<br>SOCIEDADIFE: Los j\u00f3venes y las mujeres fueron los sectores con mayor cobertura<br><br>Calendario de pago de la Asignaci\u00f3n Universal por Hijo que incluye el tercer IFE<br>DNI terminados en 0: 10 de agosto<br>DNI terminados en 1: 11 de agosto<br>DNI terminados en 2: 12 de agosto<br>DNI terminados en 3: 13 de agosto<br>DNI terminados en 4: 14 de agosto<br>DNI terminados en 5: 18 de agosto<br>DNI terminados en 6: 19 de agosto<br>DNI terminados en 7: 20 de agosto<br>DNI terminados en 8: 21 de agosto<br>DNI terminados en 9: 24 de agosto<\/p>\n\n\n\n<p><strong>Jubilados cuyos haberes mensuales no superen la suma de $ 18.952<\/strong><br>DNI terminados en 0: 10 de agosto<br>DNI terminados en 1: 11 de agosto<br>DNI terminados en 2: 12 de agosto<br>DNI terminados en 3: 13 de agosto<br>DNI terminados en 4: 14 de agosto<br>DNI terminados en 5: 18 de agosto<br>DNI terminados en 6: 19 de agosto<br>DNI terminados en 7: 20 de agosto<br>DNI terminados en 8: 21 de agosto<br>DNI terminados en 9: 24 de agosto.<\/p>\n\n\n\n<p><strong>Los jubilados cuyos haberes mensuales superen la suma de $ 18.952 cobrar\u00e1n en estas fechas:<\/strong><br>DNI terminados en 0 y 1: 25 de agosto<br>DNI terminados en 2 y 3: 26 de agosto<br>DNI terminados en 4 y 5: 27 de agosto<br>DNI terminados en 6 y 7: 28 de agosto<br>DNI terminados en 8 y 9: 31 de agosto<\/p>\n","protected":false},"excerpt":{"rendered":"<p>Prestaci\u00f3n por Desempleo Hoy cobran la Prestaci\u00f3n por Desempleo las personas cuyos documentos finalizan en\u00a08\u00a0y\u00a09. CALENDARIOS DE PAGO DE AGOSTO La ANSES informa los calendarios de pago del mes de agosto para jubilados y pensionados, Pensiones No Contributivas, beneficiarios de la\u00a0Asignaci\u00f3n Universal por Hijo y por Embarazo, de la Prestaci\u00f3n por Desempleo y Asignaciones Familiares [&hellip;]<\/p>\n","protected":false},"author":4,"featured_media":74790,"comment_status":"open","ping_status":"closed","sticky":false,"template":"","format":"standard","meta":{"om_disable_all_campaigns":false,"_jetpack_memberships_contains_paid_content":false,"footnotes":""},"categories":[101,2],"tags":[197,696,33],"class_list":["post-78660","post","type-post","status-publish","format-standard","has-post-thumbnail","hentry","category-interes-general-locales","category-locales","tag-buenos-aires","tag-interes-general","tag-locales"],"aioseo_notices":[],"gutentor_comment":0,"jetpack_featured_media_url":"https:\/\/eldiariodesanpedro.com.ar\/sitio\/wp-content\/uploads\/2020\/06\/anses-4.jpg","jetpack_shortlink":"https:\/\/wp.me\/p6RhLt-ksI","jetpack_sharing_enabled":true,"_links":{"self":[{"href":"https:\/\/eldiariodesanpedro.com.ar\/sitio\/wp-json\/wp\/v2\/posts\/78660","targetHints":{"allow":["GET"]}}],"collection":[{"href":"https:\/\/eldiariodesanpedro.com.ar\/sitio\/wp-json\/wp\/v2\/posts"}],"about":[{"href":"https:\/\/eldiariodesanpedro.com.ar\/sitio\/wp-json\/wp\/v2\/types\/post"}],"author":[{"embeddable":true,"href":"https:\/\/eldiariodesanpedro.com.ar\/sitio\/wp-json\/wp\/v2\/users\/4"}],"replies":[{"embeddable":true,"href":"https:\/\/eldiariodesanpedro.com.ar\/sitio\/wp-json\/wp\/v2\/comments?post=78660"}],"version-history":[{"count":1,"href":"https:\/\/eldiariodesanpedro.com.ar\/sitio\/wp-json\/wp\/v2\/posts\/78660\/revisions"}],"predecessor-version":[{"id":78661,"href":"https:\/\/eldiariodesanpedro.com.ar\/sitio\/wp-json\/wp\/v2\/posts\/78660\/revisions\/78661"}],"wp:featuredmedia":[{"embeddable":true,"href":"https:\/\/eldiariodesanpedro.com.ar\/sitio\/wp-json\/wp\/v2\/media\/74790"}],"wp:attachment":[{"href":"https:\/\/eldiariodesanpedro.com.ar\/sitio\/wp-json\/wp\/v2\/media?parent=78660"}],"wp:term":[{"taxonomy":"category","embeddable":true,"href":"https:\/\/eldiariodesanpedro.com.ar\/sitio\/wp-json\/wp\/v2\/categories?post=78660"},{"taxonomy":"post_tag","embeddable":true,"href":"https:\/\/eldiariodesanpedro.com.ar\/sitio\/wp-json\/wp\/v2\/tags?post=78660"}],"curies":[{"name":"wp","href":"https:\/\/api.w.org\/{rel}","templated":true}]}}