{"id":78655,"date":"2020-07-30T21:30:00","date_gmt":"2020-07-31T00:30:00","guid":{"rendered":"https:\/\/eldiariodesanpedro.com.ar\/sitio\/?p=78655"},"modified":"2020-07-30T21:43:58","modified_gmt":"2020-07-31T00:43:58","slug":"coronavirus-se-informaron-14-nuevos-positivos-con-un-total-activo-de-69","status":"publish","type":"post","link":"https:\/\/eldiariodesanpedro.com.ar\/sitio\/coronavirus-se-informaron-14-nuevos-positivos-con-un-total-activo-de-69\/","title":{"rendered":"Coronavirus: Se informaron 14 nuevos positivos con un total activo de 69"},"content":{"rendered":"<!-- VideographyWP Plugin Message: Automatic video embedding prevented by plugin options. -->\n\n<p>En la noche de hoy jueves se desarrollo una nueva conferencia de prensa en el palacio municipal donde se confirmaron 14 casos positivos y eleva aun mas la preocupaci\u00f3n de las autoridades sanitarias.<\/p>\n\n\n\n<p>Guiilermo Sancho en conferencia de prensa esta noche informo 12 casos positivos de 18 resultados recibidos, ademas se suma 1 realizado a un trabajador de papel prensa y 1 rectificada por Maiztegui que ayer dio negativo pero hoy reenv\u00eda la correcci\u00f3n para adjudicarlo como positivo.<\/p>\n\n\n\n<p>Por lo que nos deja a San Pedro con un total de 189 casos de los cuales son 69 activos,  112 recuperados y 8 fallecidos. Y se encuentran aisladas mas de 400 personas.<\/p>\n\n\n\n<p>Hernan Contreras, Secretario de Modernizaci\u00f3n de la Municipalidad se refiri\u00f3 a la situaci\u00f3n\u00bbEstamos preocupados por los resultados y esto no obliga a seguir replanteando la situaci\u00f3n en nuestra ciudad, pensando en volver atr\u00e1s en alguna de las aperturas que se hicieron\u00bb   <\/p>\n\n\n\n<p>   <\/p>\n","protected":false},"excerpt":{"rendered":"<p>En la noche de hoy jueves se desarrollo una nueva conferencia de prensa en el palacio municipal donde se confirmaron 14 casos positivos y eleva aun mas la preocupaci\u00f3n de las autoridades sanitarias. Guiilermo Sancho en conferencia de prensa esta noche informo 12 casos positivos de 18 resultados recibidos, ademas se suma 1 realizado a [&hellip;]<\/p>\n","protected":false},"author":4,"featured_media":77072,"comment_status":"open","ping_status":"closed","sticky":false,"template":"","format":"standard","meta":{"om_disable_all_campaigns":false,"_jetpack_memberships_contains_paid_content":false,"footnotes":""},"categories":[50,101,2],"tags":[197,696,33],"class_list":["post-78655","post","type-post","status-publish","format-standard","has-post-thumbnail","hentry","category-destacadas","category-interes-general-locales","category-locales","tag-buenos-aires","tag-interes-general","tag-locales"],"aioseo_notices":[],"gutentor_comment":0,"jetpack_featured_media_url":"https:\/\/eldiariodesanpedro.com.ar\/sitio\/wp-content\/uploads\/2020\/07\/test-de-covid-19_1.jpg","jetpack_shortlink":"https:\/\/wp.me\/p6RhLt-ksD","jetpack_sharing_enabled":true,"_links":{"self":[{"href":"https:\/\/eldiariodesanpedro.com.ar\/sitio\/wp-json\/wp\/v2\/posts\/78655","targetHints":{"allow":["GET"]}}],"collection":[{"href":"https:\/\/eldiariodesanpedro.com.ar\/sitio\/wp-json\/wp\/v2\/posts"}],"about":[{"href":"https:\/\/eldiariodesanpedro.com.ar\/sitio\/wp-json\/wp\/v2\/types\/post"}],"author":[{"embeddable":true,"href":"https:\/\/eldiariodesanpedro.com.ar\/sitio\/wp-json\/wp\/v2\/users\/4"}],"replies":[{"embeddable":true,"href":"https:\/\/eldiariodesanpedro.com.ar\/sitio\/wp-json\/wp\/v2\/comments?post=78655"}],"version-history":[{"count":4,"href":"https:\/\/eldiariodesanpedro.com.ar\/sitio\/wp-json\/wp\/v2\/posts\/78655\/revisions"}],"predecessor-version":[{"id":78659,"href":"https:\/\/eldiariodesanpedro.com.ar\/sitio\/wp-json\/wp\/v2\/posts\/78655\/revisions\/78659"}],"wp:featuredmedia":[{"embeddable":true,"href":"https:\/\/eldiariodesanpedro.com.ar\/sitio\/wp-json\/wp\/v2\/media\/77072"}],"wp:attachment":[{"href":"https:\/\/eldiariodesanpedro.com.ar\/sitio\/wp-json\/wp\/v2\/media?parent=78655"}],"wp:term":[{"taxonomy":"category","embeddable":true,"href":"https:\/\/eldiariodesanpedro.com.ar\/sitio\/wp-json\/wp\/v2\/categories?post=78655"},{"taxonomy":"post_tag","embeddable":true,"href":"https:\/\/eldiariodesanpedro.com.ar\/sitio\/wp-json\/wp\/v2\/tags?post=78655"}],"curies":[{"name":"wp","href":"https:\/\/api.w.org\/{rel}","templated":true}]}}