{"id":78652,"date":"2020-07-30T18:35:53","date_gmt":"2020-07-30T21:35:53","guid":{"rendered":"https:\/\/eldiariodesanpedro.com.ar\/sitio\/?p=78652"},"modified":"2020-07-30T18:35:54","modified_gmt":"2020-07-30T21:35:54","slug":"san-nicolas-donacion-de-internos-de-la-up3-al-hospital","status":"publish","type":"post","link":"https:\/\/eldiariodesanpedro.com.ar\/sitio\/san-nicolas-donacion-de-internos-de-la-up3-al-hospital\/","title":{"rendered":"SAN NICOL\u00c1S | Donaci\u00f3n de internos de la UP3 al Hospital"},"content":{"rendered":"<!-- VideographyWP Plugin Message: Automatic video embedding prevented by plugin options. -->\n\n<p>Personas privadas de la libertad alojadas en la Unidad Penal 3 de San Nicol\u00e1s confeccionaron 52 kits de elementos para donar al Hospital Interzonal de Agudos San Felipe, conformados or camisolines, cofias y botas, en el marco de la pandemia por el Covid-19.<\/p>\n\n\n\n<p>La entrega de la producci\u00f3n se realiz\u00f3 en las \u00faltimas horas por autoridades de la c\u00e1rcel al director del hospital, Pablo Gavazza, y se trat\u00f3 de una iniciativa impulsada por el Ministerio de Justicia y Derechos Humanos dentro del programa \u201cM\u00e1s trabajo, menos reincidencia\u201d.<\/p>\n\n\n\n<p>Los internos que trabajaron fueron capacitados previamente para fabricar cada uno de los kits que consta de un camisol\u00edn, una cofia y un par de botas.<\/p>\n\n\n\n<p>La capacitaci\u00f3n se desarroll\u00f3 en el taller \u201cElementos de seguridad y salud\u201d que coordina la oficina de inclusi\u00f3n sociolaboral a cargo de Mar\u00eda Fernanda Dom\u00ednguez quien destac\u00f3 que \u201clos participantes recibieron de muy buena manera la oportunidad de colaborar con el hospital. Han demostrado un gran compromiso y responsabilidad para ayudar a quienes fueron afectados por la pandemia\u201d.<\/p>\n\n\n\n<p>Por su parte, el subdirector la Unidad 3, Javier Leguizam\u00f3n subray\u00f3 que \u201cla solidaridad es un elemento de cohesi\u00f3n entre las personas privadas de su libertad. El hecho de que se capaciten en tareas y oficios mientras ayudan a otras personas es otro est\u00edmulo que los acerca a su reinserci\u00f3n social y laboral\u201d.<\/p>\n\n\n\n<p>El establecimiento carcelario recibi\u00f3 por parte de la fundaci\u00f3n Darmas las telas para poder confeccionar los elementos y colaborar as\u00ed con tareas que minimicen el impacto de la emergencia sanitaria.<\/p>\n\n\n\n<p>Adem\u00e1s, los internos elaboraron desde el comienzo de la cuarentena cientos de barbijos termosellados reutilizables que fueron destinados a agentes penitenciarios, internos, efectivos de la polic\u00eda local y vecinos de la ciudad. La friselina para su elaboraci\u00f3n fue aportada por el supervisor del Ministerio de Justicia y Derechos Humanos de la provincia de Buenos Aires, Luis Simonetti, personal del sector talleres y el capell\u00e1n Dami\u00e1n Vidano.<\/p>\n\n\n\n<p>Fuente: <a href=\"http:\/\/www.diarioelinformante.com.ar\/nota-58397_donacin-de-internos-de-la-up3-al-hospital\">Diario El Informante<\/a><\/p>\n","protected":false},"excerpt":{"rendered":"<p>Personas privadas de la libertad alojadas en la Unidad Penal 3 de San Nicol\u00e1s confeccionaron 52 kits de elementos para donar al Hospital Interzonal de Agudos San Felipe, conformados or camisolines, cofias y botas, en el marco de la pandemia por el Covid-19. La entrega de la producci\u00f3n se realiz\u00f3 en las \u00faltimas horas por [&hellip;]<\/p>\n","protected":false},"author":4,"featured_media":78653,"comment_status":"open","ping_status":"closed","sticky":false,"template":"","format":"standard","meta":{"om_disable_all_campaigns":false,"_jetpack_memberships_contains_paid_content":false,"footnotes":""},"categories":[621],"tags":[197,681,714],"class_list":["post-78652","post","type-post","status-publish","format-standard","has-post-thumbnail","hentry","category-regionales","tag-buenos-aires","tag-regionales","tag-san-nicolas"],"aioseo_notices":[],"gutentor_comment":0,"jetpack_featured_media_url":"https:\/\/eldiariodesanpedro.com.ar\/sitio\/wp-content\/uploads\/2020\/07\/conmarca27459.jpg","jetpack_shortlink":"https:\/\/wp.me\/p6RhLt-ksA","jetpack_sharing_enabled":true,"_links":{"self":[{"href":"https:\/\/eldiariodesanpedro.com.ar\/sitio\/wp-json\/wp\/v2\/posts\/78652","targetHints":{"allow":["GET"]}}],"collection":[{"href":"https:\/\/eldiariodesanpedro.com.ar\/sitio\/wp-json\/wp\/v2\/posts"}],"about":[{"href":"https:\/\/eldiariodesanpedro.com.ar\/sitio\/wp-json\/wp\/v2\/types\/post"}],"author":[{"embeddable":true,"href":"https:\/\/eldiariodesanpedro.com.ar\/sitio\/wp-json\/wp\/v2\/users\/4"}],"replies":[{"embeddable":true,"href":"https:\/\/eldiariodesanpedro.com.ar\/sitio\/wp-json\/wp\/v2\/comments?post=78652"}],"version-history":[{"count":1,"href":"https:\/\/eldiariodesanpedro.com.ar\/sitio\/wp-json\/wp\/v2\/posts\/78652\/revisions"}],"predecessor-version":[{"id":78654,"href":"https:\/\/eldiariodesanpedro.com.ar\/sitio\/wp-json\/wp\/v2\/posts\/78652\/revisions\/78654"}],"wp:featuredmedia":[{"embeddable":true,"href":"https:\/\/eldiariodesanpedro.com.ar\/sitio\/wp-json\/wp\/v2\/media\/78653"}],"wp:attachment":[{"href":"https:\/\/eldiariodesanpedro.com.ar\/sitio\/wp-json\/wp\/v2\/media?parent=78652"}],"wp:term":[{"taxonomy":"category","embeddable":true,"href":"https:\/\/eldiariodesanpedro.com.ar\/sitio\/wp-json\/wp\/v2\/categories?post=78652"},{"taxonomy":"post_tag","embeddable":true,"href":"https:\/\/eldiariodesanpedro.com.ar\/sitio\/wp-json\/wp\/v2\/tags?post=78652"}],"curies":[{"name":"wp","href":"https:\/\/api.w.org\/{rel}","templated":true}]}}