{"id":78648,"date":"2020-07-30T18:24:55","date_gmt":"2020-07-30T21:24:55","guid":{"rendered":"https:\/\/eldiariodesanpedro.com.ar\/sitio\/?p=78648"},"modified":"2020-07-30T18:24:59","modified_gmt":"2020-07-30T21:24:59","slug":"campana-mujer-policia-denuncia-relajamiento-de-protocolos-en-el-comando-patrulla","status":"publish","type":"post","link":"https:\/\/eldiariodesanpedro.com.ar\/sitio\/campana-mujer-policia-denuncia-relajamiento-de-protocolos-en-el-comando-patrulla\/","title":{"rendered":"CAMPANA | Mujer Polic\u00eda denuncia relajamiento de protocolos en el Comando Patrulla"},"content":{"rendered":"<!-- VideographyWP Plugin Message: Automatic video embedding prevented by plugin options. -->\n\n<p><strong><em>Luego de trasladar a una mujer sospechosa de COVID-19 hasta Temperley, le dijeron que no hac\u00eda falta que se aislara de manera preventiva. \u00abMi compa\u00f1era y yo estuvimos al menos 4 horas con la se\u00f1ora, en un auto\u00bb, se\u00f1al\u00f3 la oficial Eliana L\u00f3pez.<\/em><\/strong><\/p>\n\n\n\n<p>La Oficial Eliana L\u00f3pez pertenece a la Polic\u00eda Local, pero hace cuatro a\u00f1os cumple servicios en el Comando Patrulla Campana, fuerza que dej\u00f3 d\u00edas atr\u00e1s: \u00abNo me interesa trabajar en un lugar donde no le importe tu salud ni la de tu familia\u00bb, se\u00f1al\u00f3 a La Aut\u00e9ntica Defensa.<\/p>\n\n\n\n<p>Seg\u00fan relata L\u00f3pez, a mediados de mes, junto a una compa\u00f1era y a un chofer, particip\u00f3 del traslado de una mujer en situaci\u00f3n de calle hasta Temperley. \u00abD\u00edas despu\u00e9s, por unas compa\u00f1eras, supimos que le hab\u00edan realizado un hisopado preventivo y dio positivo. No s\u00f3lo el Comando Patrulla nunca me lo inform\u00f3 oficialmente, sino que cuando llamo para avisar que iba a guardar aislamiento preventivo, me dicen que no hac\u00eda falta porque no hab\u00eda tomado contacto estrecho con la mujer en cuesti\u00f3n\u2026 y en realidad mi compa\u00f1era y yo estuvimos al menos 4 horas con la se\u00f1ora, en un auto\u00bb.<\/p>\n\n\n\n<p>Aun as\u00ed, L\u00f3pez decidi\u00f3 tomar los recaudos del caso y adem\u00e1s pedir su pase a la Polic\u00eda Local. \u00abCreo que la actitud del Comando Patrulla fue por lo menos, temeraria\u2026 con tal que no falte no les import\u00f3 si estaba contagiada o no. Adem\u00e1s, pusieron en riesgo a mi hijo, y a mi abuela, a mi madre y a mis hermanas con quienes tuve contacto mientras no sab\u00eda que podr\u00eda estar contagiada. Ahora, hasta no tener la certeza de que no soy positivo, no voy a volver al servicio\u00bb, se\u00f1al\u00f3.<\/p>\n\n\n\n<p>En ese sentido, la mujer polic\u00eda dijo que ayer por la ma\u00f1ana no lleg\u00f3 a presentarse en el CIC del barrio Lubo, donde se realizaban hisopados a trav\u00e9s del programa DetectAR, pero que la Municipalidad la pasar\u00e1 a buscar hoy por la ma\u00f1ana para trasladarla hasta el Hospital San Jos\u00e9 y realizarle el test.<\/p>\n\n\n\n<p>\u00abQuiero que se haga visible mi caso porque las autoridades piden constantemente que tengamos cuidado, y los que nos tienen que cuidar, o sea mis superiores, no me cuidan\u2026 Que yo tenga que tomar la decisi\u00f3n de aislarme por mi cuenta, es el colmo\u00bb, concluy\u00f3.<\/p>\n\n\n\n<p>Fuente: <a href=\"https:\/\/www.laautenticadefensa.net\/172610\">La Autentica Defensa<\/a><\/p>\n\n\n\n<figure class=\"wp-block-image size-large\"><img decoding=\"async\" width=\"550\" height=\"367\" data-attachment-id=\"78650\" data-permalink=\"https:\/\/eldiariodesanpedro.com.ar\/sitio\/campana-mujer-policia-denuncia-relajamiento-de-protocolos-en-el-comando-patrulla\/200730-48-1\/\" data-orig-file=\"https:\/\/eldiariodesanpedro.com.ar\/sitio\/wp-content\/uploads\/2020\/07\/200730-48-1.jpg\" data-orig-size=\"550,367\" data-comments-opened=\"1\" data-image-meta=\"{&quot;aperture&quot;:&quot;0&quot;,&quot;credit&quot;:&quot;&quot;,&quot;camera&quot;:&quot;&quot;,&quot;caption&quot;:&quot;&quot;,&quot;created_timestamp&quot;:&quot;0&quot;,&quot;copyright&quot;:&quot;&quot;,&quot;focal_length&quot;:&quot;0&quot;,&quot;iso&quot;:&quot;0&quot;,&quot;shutter_speed&quot;:&quot;0&quot;,&quot;title&quot;:&quot;&quot;,&quot;orientation&quot;:&quot;0&quot;}\" data-image-title=\"200730-48 (1)\" data-image-description=\"\" data-image-caption=\"\" data-large-file=\"https:\/\/eldiariodesanpedro.com.ar\/sitio\/wp-content\/uploads\/2020\/07\/200730-48-1.jpg\" data-src=\"https:\/\/eldiariodesanpedro.com.ar\/sitio\/wp-content\/uploads\/2020\/07\/200730-48-1.jpg\" alt=\"\" class=\"wp-image-78650 lazyload\" data-srcset=\"https:\/\/eldiariodesanpedro.com.ar\/sitio\/wp-content\/uploads\/2020\/07\/200730-48-1.jpg 550w, https:\/\/eldiariodesanpedro.com.ar\/sitio\/wp-content\/uploads\/2020\/07\/200730-48-1-300x200.jpg 300w\" data-sizes=\"(max-width: 550px) 100vw, 550px\" src=\"data:image\/svg+xml;base64,PHN2ZyB3aWR0aD0iMSIgaGVpZ2h0PSIxIiB4bWxucz0iaHR0cDovL3d3dy53My5vcmcvMjAwMC9zdmciPjwvc3ZnPg==\" style=\"--smush-placeholder-width: 550px; --smush-placeholder-aspect-ratio: 550\/367;\" \/><\/figure>\n","protected":false},"excerpt":{"rendered":"<p>Luego de trasladar a una mujer sospechosa de COVID-19 hasta Temperley, le dijeron que no hac\u00eda falta que se aislara de manera preventiva. \u00abMi compa\u00f1era y yo estuvimos al menos 4 horas con la se\u00f1ora, en un auto\u00bb, se\u00f1al\u00f3 la oficial Eliana L\u00f3pez. La Oficial Eliana L\u00f3pez pertenece a la Polic\u00eda Local, pero hace cuatro [&hellip;]<\/p>\n","protected":false},"author":4,"featured_media":78649,"comment_status":"open","ping_status":"closed","sticky":false,"template":"","format":"standard","meta":{"om_disable_all_campaigns":false,"_jetpack_memberships_contains_paid_content":false,"footnotes":""},"categories":[621],"tags":[197,686,681],"class_list":["post-78648","post","type-post","status-publish","format-standard","has-post-thumbnail","hentry","category-regionales","tag-buenos-aires","tag-campana-2","tag-regionales"],"aioseo_notices":[],"gutentor_comment":0,"jetpack_featured_media_url":"https:\/\/eldiariodesanpedro.com.ar\/sitio\/wp-content\/uploads\/2020\/07\/200730-2.jpg","jetpack_shortlink":"https:\/\/wp.me\/p6RhLt-ksw","jetpack_sharing_enabled":true,"_links":{"self":[{"href":"https:\/\/eldiariodesanpedro.com.ar\/sitio\/wp-json\/wp\/v2\/posts\/78648","targetHints":{"allow":["GET"]}}],"collection":[{"href":"https:\/\/eldiariodesanpedro.com.ar\/sitio\/wp-json\/wp\/v2\/posts"}],"about":[{"href":"https:\/\/eldiariodesanpedro.com.ar\/sitio\/wp-json\/wp\/v2\/types\/post"}],"author":[{"embeddable":true,"href":"https:\/\/eldiariodesanpedro.com.ar\/sitio\/wp-json\/wp\/v2\/users\/4"}],"replies":[{"embeddable":true,"href":"https:\/\/eldiariodesanpedro.com.ar\/sitio\/wp-json\/wp\/v2\/comments?post=78648"}],"version-history":[{"count":1,"href":"https:\/\/eldiariodesanpedro.com.ar\/sitio\/wp-json\/wp\/v2\/posts\/78648\/revisions"}],"predecessor-version":[{"id":78651,"href":"https:\/\/eldiariodesanpedro.com.ar\/sitio\/wp-json\/wp\/v2\/posts\/78648\/revisions\/78651"}],"wp:featuredmedia":[{"embeddable":true,"href":"https:\/\/eldiariodesanpedro.com.ar\/sitio\/wp-json\/wp\/v2\/media\/78649"}],"wp:attachment":[{"href":"https:\/\/eldiariodesanpedro.com.ar\/sitio\/wp-json\/wp\/v2\/media?parent=78648"}],"wp:term":[{"taxonomy":"category","embeddable":true,"href":"https:\/\/eldiariodesanpedro.com.ar\/sitio\/wp-json\/wp\/v2\/categories?post=78648"},{"taxonomy":"post_tag","embeddable":true,"href":"https:\/\/eldiariodesanpedro.com.ar\/sitio\/wp-json\/wp\/v2\/tags?post=78648"}],"curies":[{"name":"wp","href":"https:\/\/api.w.org\/{rel}","templated":true}]}}