{"id":78643,"date":"2020-07-30T18:19:44","date_gmt":"2020-07-30T21:19:44","guid":{"rendered":"https:\/\/eldiariodesanpedro.com.ar\/sitio\/?p=78643"},"modified":"2020-07-30T18:19:49","modified_gmt":"2020-07-30T21:19:49","slug":"zarate-delincuentes-trepan-paredes-de-casas-para-cometer-robos","status":"publish","type":"post","link":"https:\/\/eldiariodesanpedro.com.ar\/sitio\/zarate-delincuentes-trepan-paredes-de-casas-para-cometer-robos\/","title":{"rendered":"Z\u00c1RATE | Delincuentes trepan paredes de casas para cometer robos"},"content":{"rendered":"<!-- VideographyWP Plugin Message: Automatic video embedding prevented by plugin options. -->\n\n<p>Se trata de una modalidad que viene en aumento en distintos barrios de la ciudad y una preocupaci\u00f3n que se profundiza en el marco de la inseguridad.<\/p>\n\n\n\n<p>En el barrio 12 de octubre durante la madrugada de ayer un grupo de tres delincuentes intentaron robar en una vivienda. El hecho qued\u00f3 registrado en una c\u00e1mara de seguridad particular.<\/p>\n\n\n\n<p>En primer lugar un sujeto trepa por una ventana hasta que se pierde de la visualizaci\u00f3n f\u00edlmica, su c\u00f3mplice lo espera en la vereda mientras que un tercer malviviente controla la cuadra en una bicicleta de lado a lado.<\/p>\n\n\n\n<p>Minutos m\u00e1s tarde, el ladr\u00f3n que est\u00e1 parado sobre la vereda intenta trepar tambi\u00e9n pero su c\u00f3mplice baja r\u00e1pidamente y se dan a la fuga los tres ya que fueron advertidos por los propietarios.<\/p>\n\n\n\n<p>El accionar delictivo no es nuevo y en otras viviendas robaron en m\u00e1s de una oportunidad. Los vecinos de la zona reclaman por m\u00e1s presencia policial en horas de la madrugada para evitar este tipo de hechos.<\/p>\n\n\n\n<p>Fuente: <a href=\"https:\/\/impactolocal.com.ar\/2020\/07\/30\/delincuentes-trepanparedes-de-casas-para-cometer-robos\/\">Impacto Local<\/a><\/p>\n\n\n\n<figure class=\"wp-block-embed-youtube wp-block-embed is-type-video is-provider-youtube wp-embed-aspect-16-9 wp-has-aspect-ratio\"><div class=\"wp-block-embed__wrapper\">\n<iframe  style=\"display: block; margin: 0px auto;\"  id=\"_ytid_43800\"  width=\"640\" height=\"360\"  data-origwidth=\"640\" data-origheight=\"360\" src=\"https:\/\/www.youtube.com\/embed\/8X93m6mRZAg?enablejsapi=1&#038;autoplay=0&#038;cc_load_policy=0&#038;cc_lang_pref=&#038;iv_load_policy=1&#038;loop=0&#038;rel=1&#038;fs=1&#038;playsinline=0&#038;autohide=2&#038;theme=dark&#038;color=red&#038;controls=1&#038;disablekb=0&#038;\" class=\"__youtube_prefs__  epyt-is-override  no-lazyload\" title=\"YouTube player\"  allow=\"fullscreen; accelerometer; autoplay; clipboard-write; encrypted-media; gyroscope; picture-in-picture; web-share\" referrerpolicy=\"strict-origin-when-cross-origin\" allowfullscreen data-no-lazy=\"1\" data-skipgform_ajax_framebjll=\"\"><\/iframe>\n<\/div><\/figure>\n","protected":false},"excerpt":{"rendered":"<p>Se trata de una modalidad que viene en aumento en distintos barrios de la ciudad y una preocupaci\u00f3n que se profundiza en el marco de la inseguridad. En el barrio 12 de octubre durante la madrugada de ayer un grupo de tres delincuentes intentaron robar en una vivienda. El hecho qued\u00f3 registrado en una c\u00e1mara [&hellip;]<\/p>\n","protected":false},"author":4,"featured_media":78644,"comment_status":"open","ping_status":"closed","sticky":false,"template":"","format":"standard","meta":{"om_disable_all_campaigns":false,"_jetpack_memberships_contains_paid_content":false,"footnotes":""},"categories":[621],"tags":[197,681,707],"class_list":["post-78643","post","type-post","status-publish","format-standard","has-post-thumbnail","hentry","category-regionales","tag-buenos-aires","tag-regionales","tag-zarate"],"aioseo_notices":[],"gutentor_comment":0,"jetpack_featured_media_url":"https:\/\/eldiariodesanpedro.com.ar\/sitio\/wp-content\/uploads\/2020\/07\/11ds5ds-1-696x422-1.png","jetpack_shortlink":"https:\/\/wp.me\/p6RhLt-ksr","jetpack_sharing_enabled":true,"_links":{"self":[{"href":"https:\/\/eldiariodesanpedro.com.ar\/sitio\/wp-json\/wp\/v2\/posts\/78643","targetHints":{"allow":["GET"]}}],"collection":[{"href":"https:\/\/eldiariodesanpedro.com.ar\/sitio\/wp-json\/wp\/v2\/posts"}],"about":[{"href":"https:\/\/eldiariodesanpedro.com.ar\/sitio\/wp-json\/wp\/v2\/types\/post"}],"author":[{"embeddable":true,"href":"https:\/\/eldiariodesanpedro.com.ar\/sitio\/wp-json\/wp\/v2\/users\/4"}],"replies":[{"embeddable":true,"href":"https:\/\/eldiariodesanpedro.com.ar\/sitio\/wp-json\/wp\/v2\/comments?post=78643"}],"version-history":[{"count":1,"href":"https:\/\/eldiariodesanpedro.com.ar\/sitio\/wp-json\/wp\/v2\/posts\/78643\/revisions"}],"predecessor-version":[{"id":78645,"href":"https:\/\/eldiariodesanpedro.com.ar\/sitio\/wp-json\/wp\/v2\/posts\/78643\/revisions\/78645"}],"wp:featuredmedia":[{"embeddable":true,"href":"https:\/\/eldiariodesanpedro.com.ar\/sitio\/wp-json\/wp\/v2\/media\/78644"}],"wp:attachment":[{"href":"https:\/\/eldiariodesanpedro.com.ar\/sitio\/wp-json\/wp\/v2\/media?parent=78643"}],"wp:term":[{"taxonomy":"category","embeddable":true,"href":"https:\/\/eldiariodesanpedro.com.ar\/sitio\/wp-json\/wp\/v2\/categories?post=78643"},{"taxonomy":"post_tag","embeddable":true,"href":"https:\/\/eldiariodesanpedro.com.ar\/sitio\/wp-json\/wp\/v2\/tags?post=78643"}],"curies":[{"name":"wp","href":"https:\/\/api.w.org\/{rel}","templated":true}]}}