{"id":78640,"date":"2020-07-30T18:09:45","date_gmt":"2020-07-30T21:09:45","guid":{"rendered":"https:\/\/eldiariodesanpedro.com.ar\/sitio\/?p=78640"},"modified":"2020-07-30T18:09:49","modified_gmt":"2020-07-30T21:09:49","slug":"arrecifes-echaron-a-un-empleado-municipal-que-choco-en-una-patrulla-urbana","status":"publish","type":"post","link":"https:\/\/eldiariodesanpedro.com.ar\/sitio\/arrecifes-echaron-a-un-empleado-municipal-que-choco-en-una-patrulla-urbana\/","title":{"rendered":"ARRECIFES | Echaron a un empleado municipal que choc\u00f3 en una patrulla urbana"},"content":{"rendered":"<!-- VideographyWP Plugin Message: Automatic video embedding prevented by plugin options. -->\n\n<p>El trabajador municipal Enzo Jorge, quien manejaba el m\u00f3vil de Patrulla Urbana que choc\u00f3 en la esquina de Avenida Merlassino y Ram\u00f3n Lorenzo\/Italia, fue despedido de la Municipalidad.<\/p>\n\n\n\n<p>El siniestro ocurri\u00f3 en la ma\u00f1ana del 21 de julio, cuando Jorge conduc\u00eda la patrulla y, al sonar la sirena de Bomberos Voluntarios, debido a que \u00e9l es bombero, tom\u00f3 rumbo al Cuartel a mayor velocidad de la permitida, con la sirena del m\u00f3vil encendida producto de la urgencia, seg\u00fan manifest\u00f3.<\/p>\n\n\n\n<p>En ese trayecto, en la citada esquina pas\u00f3 con sem\u00e1foro rojo y choc\u00f3 a un Fiat Uno, lo que le vali\u00f3 la dr\u00e1stica sanci\u00f3n.<\/p>\n\n\n\n<p>\u201cHace dos a\u00f1os y medio que ven\u00eda trabajando como contratado en la Municipalidad, much\u00edsimas veces viajando, y nunca tuve ning\u00fan problema. Ahora me hab\u00edan cambiado de \u00e1rea por el tema de la pandemia. Acepto que pude haber cometido un error producto de querer llegar r\u00e1pidamente al Cuartel, pero en ese caso podr\u00edan haberme sancionado, no dejarme sin trabajo. Fue un accidente y el seguro se hizo cargo. No obstante, el director de Tr\u00e1nsito, Emilio Pattini, me hizo un sumario y me echaron\u201d, manifest\u00f3 Enzo Jorge.<\/p>\n\n\n\n<p>Funte: <a href=\"https:\/\/arrecifesnoticias.com\/protagonistas\/echaron-al-empleado-municipal-que-choco-en-la-patrulla-urbana\/\">Arrecifes Noticias<\/a><\/p>\n","protected":false},"excerpt":{"rendered":"<p>El trabajador municipal Enzo Jorge, quien manejaba el m\u00f3vil de Patrulla Urbana que choc\u00f3 en la esquina de Avenida Merlassino y Ram\u00f3n Lorenzo\/Italia, fue despedido de la Municipalidad. El siniestro ocurri\u00f3 en la ma\u00f1ana del 21 de julio, cuando Jorge conduc\u00eda la patrulla y, al sonar la sirena de Bomberos Voluntarios, debido a que \u00e9l [&hellip;]<\/p>\n","protected":false},"author":4,"featured_media":78641,"comment_status":"open","ping_status":"closed","sticky":false,"template":"","format":"standard","meta":{"om_disable_all_campaigns":false,"_jetpack_memberships_contains_paid_content":false,"footnotes":""},"categories":[621],"tags":[640,197,681],"class_list":["post-78640","post","type-post","status-publish","format-standard","has-post-thumbnail","hentry","category-regionales","tag-arrecifes","tag-buenos-aires","tag-regionales"],"aioseo_notices":[],"gutentor_comment":0,"jetpack_featured_media_url":"https:\/\/eldiariodesanpedro.com.ar\/sitio\/wp-content\/uploads\/2020\/07\/Choque-Movil-TRansito-701x510-1.jpg","jetpack_shortlink":"https:\/\/wp.me\/p6RhLt-kso","jetpack_sharing_enabled":true,"_links":{"self":[{"href":"https:\/\/eldiariodesanpedro.com.ar\/sitio\/wp-json\/wp\/v2\/posts\/78640","targetHints":{"allow":["GET"]}}],"collection":[{"href":"https:\/\/eldiariodesanpedro.com.ar\/sitio\/wp-json\/wp\/v2\/posts"}],"about":[{"href":"https:\/\/eldiariodesanpedro.com.ar\/sitio\/wp-json\/wp\/v2\/types\/post"}],"author":[{"embeddable":true,"href":"https:\/\/eldiariodesanpedro.com.ar\/sitio\/wp-json\/wp\/v2\/users\/4"}],"replies":[{"embeddable":true,"href":"https:\/\/eldiariodesanpedro.com.ar\/sitio\/wp-json\/wp\/v2\/comments?post=78640"}],"version-history":[{"count":1,"href":"https:\/\/eldiariodesanpedro.com.ar\/sitio\/wp-json\/wp\/v2\/posts\/78640\/revisions"}],"predecessor-version":[{"id":78642,"href":"https:\/\/eldiariodesanpedro.com.ar\/sitio\/wp-json\/wp\/v2\/posts\/78640\/revisions\/78642"}],"wp:featuredmedia":[{"embeddable":true,"href":"https:\/\/eldiariodesanpedro.com.ar\/sitio\/wp-json\/wp\/v2\/media\/78641"}],"wp:attachment":[{"href":"https:\/\/eldiariodesanpedro.com.ar\/sitio\/wp-json\/wp\/v2\/media?parent=78640"}],"wp:term":[{"taxonomy":"category","embeddable":true,"href":"https:\/\/eldiariodesanpedro.com.ar\/sitio\/wp-json\/wp\/v2\/categories?post=78640"},{"taxonomy":"post_tag","embeddable":true,"href":"https:\/\/eldiariodesanpedro.com.ar\/sitio\/wp-json\/wp\/v2\/tags?post=78640"}],"curies":[{"name":"wp","href":"https:\/\/api.w.org\/{rel}","templated":true}]}}