{"id":78637,"date":"2020-07-30T18:06:51","date_gmt":"2020-07-30T21:06:51","guid":{"rendered":"https:\/\/eldiariodesanpedro.com.ar\/sitio\/?p=78637"},"modified":"2020-07-30T18:06:54","modified_gmt":"2020-07-30T21:06:54","slug":"arrecifes-fumigacion-en-387-establecimientos-educativos","status":"publish","type":"post","link":"https:\/\/eldiariodesanpedro.com.ar\/sitio\/arrecifes-fumigacion-en-387-establecimientos-educativos\/","title":{"rendered":"ARRECIFES | Fumigaci\u00f3n en 387 establecimientos educativos"},"content":{"rendered":"<!-- VideographyWP Plugin Message: Automatic video embedding prevented by plugin options. -->\n\n<p>Comunicado Municipal:<\/p>\n\n\n\n<p>En la corriente semana, se realizaron labores de fumigaci\u00f3n a cargo del personal de la Direcci\u00f3n de Bromatolog\u00eda, a trav\u00e9s de la Secretar\u00eda de Producci\u00f3n de la Municipalidad de Arrecifes.<\/p>\n\n\n\n<p>Se trabaj\u00f3 conjuntamente con el cuerpo de consejeros escolares. Las tareas se desarrollaron&nbsp; en los 38&nbsp; establecimientos educativos p\u00fablicos de nuestra ciudad.<\/p>\n\n\n\n<p>Las actividades, comprenden las escuelas de todos los niveles y jardines, culminando esta semana con las escuelas rurales.<\/p>\n\n\n\n<p>Fuente: <a href=\"https:\/\/arrecifesnoticias.com\/interes-general\/fumigacion-en-38-establecimientos-educativos\/\">Arrecifes Noticias<\/a><\/p>\n","protected":false},"excerpt":{"rendered":"<p>Comunicado Municipal: En la corriente semana, se realizaron labores de fumigaci\u00f3n a cargo del personal de la Direcci\u00f3n de Bromatolog\u00eda, a trav\u00e9s de la Secretar\u00eda de Producci\u00f3n de la Municipalidad de Arrecifes. Se trabaj\u00f3 conjuntamente con el cuerpo de consejeros escolares. Las tareas se desarrollaron&nbsp; en los 38&nbsp; establecimientos educativos p\u00fablicos de nuestra ciudad. Las [&hellip;]<\/p>\n","protected":false},"author":4,"featured_media":78638,"comment_status":"open","ping_status":"closed","sticky":false,"template":"","format":"standard","meta":{"om_disable_all_campaigns":false,"_jetpack_memberships_contains_paid_content":false,"footnotes":""},"categories":[621],"tags":[640,197,681],"class_list":["post-78637","post","type-post","status-publish","format-standard","has-post-thumbnail","hentry","category-regionales","tag-arrecifes","tag-buenos-aires","tag-regionales"],"aioseo_notices":[],"gutentor_comment":0,"jetpack_featured_media_url":"https:\/\/eldiariodesanpedro.com.ar\/sitio\/wp-content\/uploads\/2020\/07\/fumigacion-e1596137939801-696x510-1.jpg","jetpack_shortlink":"https:\/\/wp.me\/p6RhLt-ksl","jetpack_sharing_enabled":true,"_links":{"self":[{"href":"https:\/\/eldiariodesanpedro.com.ar\/sitio\/wp-json\/wp\/v2\/posts\/78637","targetHints":{"allow":["GET"]}}],"collection":[{"href":"https:\/\/eldiariodesanpedro.com.ar\/sitio\/wp-json\/wp\/v2\/posts"}],"about":[{"href":"https:\/\/eldiariodesanpedro.com.ar\/sitio\/wp-json\/wp\/v2\/types\/post"}],"author":[{"embeddable":true,"href":"https:\/\/eldiariodesanpedro.com.ar\/sitio\/wp-json\/wp\/v2\/users\/4"}],"replies":[{"embeddable":true,"href":"https:\/\/eldiariodesanpedro.com.ar\/sitio\/wp-json\/wp\/v2\/comments?post=78637"}],"version-history":[{"count":1,"href":"https:\/\/eldiariodesanpedro.com.ar\/sitio\/wp-json\/wp\/v2\/posts\/78637\/revisions"}],"predecessor-version":[{"id":78639,"href":"https:\/\/eldiariodesanpedro.com.ar\/sitio\/wp-json\/wp\/v2\/posts\/78637\/revisions\/78639"}],"wp:featuredmedia":[{"embeddable":true,"href":"https:\/\/eldiariodesanpedro.com.ar\/sitio\/wp-json\/wp\/v2\/media\/78638"}],"wp:attachment":[{"href":"https:\/\/eldiariodesanpedro.com.ar\/sitio\/wp-json\/wp\/v2\/media?parent=78637"}],"wp:term":[{"taxonomy":"category","embeddable":true,"href":"https:\/\/eldiariodesanpedro.com.ar\/sitio\/wp-json\/wp\/v2\/categories?post=78637"},{"taxonomy":"post_tag","embeddable":true,"href":"https:\/\/eldiariodesanpedro.com.ar\/sitio\/wp-json\/wp\/v2\/tags?post=78637"}],"curies":[{"name":"wp","href":"https:\/\/api.w.org\/{rel}","templated":true}]}}