{"id":78567,"date":"2020-07-29T11:51:10","date_gmt":"2020-07-29T14:51:10","guid":{"rendered":"https:\/\/eldiariodesanpedro.com.ar\/sitio\/?p=78567"},"modified":"2020-07-29T11:51:14","modified_gmt":"2020-07-29T14:51:14","slug":"una-mujer-de-86-anos-la-octava-victima-de-coronavirus-en-san-pedro","status":"publish","type":"post","link":"https:\/\/eldiariodesanpedro.com.ar\/sitio\/una-mujer-de-86-anos-la-octava-victima-de-coronavirus-en-san-pedro\/","title":{"rendered":"Una mujer de 86 a\u00f1os la octava victima de coronavirus en San Pedro"},"content":{"rendered":"<!-- VideographyWP Plugin Message: Automatic video embedding prevented by plugin options. -->\n\n<p>La Secretar\u00eda de Salud de la Municipalidad de San Pedro lamenta comunicar el fallecimiento de la Sra. Emilce Li\u00f1ero de 86 a\u00f1os, quien se encontraba internada en una cl\u00ednica privada, tras haber sido trasladada desde la residencia geri\u00e1trica, en la que el equipo sanitario realiz\u00f3 un operativo el 13 de julio.<\/p>\n\n\n\n<p>Tras el hisopado correspondiente su caso hab\u00eda sido confirmado como positivo. Se trata del octavo fallecimiento en nuestro distrito desde que comenz\u00f3 la Pandemia.<\/p>\n\n\n\n<p>Compartimos nuestras condolencias con familiares y seres queridos.<\/p>\n","protected":false},"excerpt":{"rendered":"<p>La Secretar\u00eda de Salud de la Municipalidad de San Pedro lamenta comunicar el fallecimiento de la Sra. Emilce Li\u00f1ero de 86 a\u00f1os, quien se encontraba internada en una cl\u00ednica privada, tras haber sido trasladada desde la residencia geri\u00e1trica, en la que el equipo sanitario realiz\u00f3 un operativo el 13 de julio. Tras el hisopado correspondiente [&hellip;]<\/p>\n","protected":false},"author":4,"featured_media":78136,"comment_status":"open","ping_status":"closed","sticky":false,"template":"","format":"standard","meta":{"om_disable_all_campaigns":false,"_jetpack_memberships_contains_paid_content":false,"footnotes":""},"categories":[50,101,2],"tags":[197,808,1667,696,33],"class_list":["post-78567","post","type-post","status-publish","format-standard","has-post-thumbnail","hentry","category-destacadas","category-interes-general-locales","category-locales","tag-buenos-aires","tag-coronavirus","tag-fallecimiento","tag-interes-general","tag-locales"],"aioseo_notices":[],"gutentor_comment":0,"jetpack_featured_media_url":"https:\/\/eldiariodesanpedro.com.ar\/sitio\/wp-content\/uploads\/2020\/07\/53771080_303.jpg","jetpack_shortlink":"https:\/\/wp.me\/p6RhLt-krd","jetpack_sharing_enabled":true,"_links":{"self":[{"href":"https:\/\/eldiariodesanpedro.com.ar\/sitio\/wp-json\/wp\/v2\/posts\/78567","targetHints":{"allow":["GET"]}}],"collection":[{"href":"https:\/\/eldiariodesanpedro.com.ar\/sitio\/wp-json\/wp\/v2\/posts"}],"about":[{"href":"https:\/\/eldiariodesanpedro.com.ar\/sitio\/wp-json\/wp\/v2\/types\/post"}],"author":[{"embeddable":true,"href":"https:\/\/eldiariodesanpedro.com.ar\/sitio\/wp-json\/wp\/v2\/users\/4"}],"replies":[{"embeddable":true,"href":"https:\/\/eldiariodesanpedro.com.ar\/sitio\/wp-json\/wp\/v2\/comments?post=78567"}],"version-history":[{"count":1,"href":"https:\/\/eldiariodesanpedro.com.ar\/sitio\/wp-json\/wp\/v2\/posts\/78567\/revisions"}],"predecessor-version":[{"id":78568,"href":"https:\/\/eldiariodesanpedro.com.ar\/sitio\/wp-json\/wp\/v2\/posts\/78567\/revisions\/78568"}],"wp:featuredmedia":[{"embeddable":true,"href":"https:\/\/eldiariodesanpedro.com.ar\/sitio\/wp-json\/wp\/v2\/media\/78136"}],"wp:attachment":[{"href":"https:\/\/eldiariodesanpedro.com.ar\/sitio\/wp-json\/wp\/v2\/media?parent=78567"}],"wp:term":[{"taxonomy":"category","embeddable":true,"href":"https:\/\/eldiariodesanpedro.com.ar\/sitio\/wp-json\/wp\/v2\/categories?post=78567"},{"taxonomy":"post_tag","embeddable":true,"href":"https:\/\/eldiariodesanpedro.com.ar\/sitio\/wp-json\/wp\/v2\/tags?post=78567"}],"curies":[{"name":"wp","href":"https:\/\/api.w.org\/{rel}","templated":true}]}}