{"id":78557,"date":"2020-07-29T11:48:53","date_gmt":"2020-07-29T14:48:53","guid":{"rendered":"https:\/\/eldiariodesanpedro.com.ar\/sitio\/?p=78557"},"modified":"2020-07-29T11:48:57","modified_gmt":"2020-07-29T14:48:57","slug":"tareas-de-sanitizacion-en-destacamentos-policiales","status":"publish","type":"post","link":"https:\/\/eldiariodesanpedro.com.ar\/sitio\/tareas-de-sanitizacion-en-destacamentos-policiales\/","title":{"rendered":"Tareas de sanitizaci\u00f3n en destacamentos policiales"},"content":{"rendered":"<!-- VideographyWP Plugin Message: Automatic video embedding prevented by plugin options. -->\n\n<p>Durante la jornada de martes desde la departamental de San Nicol\u00e1s se hicieron presentes en los destacamento de la regi\u00f3n efectivos de la polic\u00eda ecol\u00f3gica que realizaron tareas de sanitizaci\u00f3n.<\/p>\n\n\n\n<p>En la jornada de este mi\u00e9rcoles se hicieron presentes en los destacamento de las localidades el personal de Polic\u00eda Ecol\u00f3gica Departamental San Nicol\u00e1s conjuntamente con personal Personal de Bomberos Departamental quienes realizan desinfecci\u00f3n en los edificios y a su vez realizan charla de capacitaci\u00f3n al personal que se encontraba de servicio ayer.<\/p>\n\n\n\n<figure class=\"wp-block-image size-large\"><img decoding=\"async\" width=\"1000\" height=\"482\" data-attachment-id=\"78565\" data-permalink=\"https:\/\/eldiariodesanpedro.com.ar\/sitio\/tareas-de-sanitizacion-en-destacamentos-policiales\/whatsapp-image-2020-07-29-at-11-05-16\/\" data-orig-file=\"https:\/\/eldiariodesanpedro.com.ar\/sitio\/wp-content\/uploads\/2020\/07\/WhatsApp-Image-2020-07-29-at-11.05.16.jpeg\" data-orig-size=\"1000,482\" data-comments-opened=\"1\" data-image-meta=\"{&quot;aperture&quot;:&quot;0&quot;,&quot;credit&quot;:&quot;&quot;,&quot;camera&quot;:&quot;&quot;,&quot;caption&quot;:&quot;&quot;,&quot;created_timestamp&quot;:&quot;0&quot;,&quot;copyright&quot;:&quot;&quot;,&quot;focal_length&quot;:&quot;0&quot;,&quot;iso&quot;:&quot;0&quot;,&quot;shutter_speed&quot;:&quot;0&quot;,&quot;title&quot;:&quot;&quot;,&quot;orientation&quot;:&quot;0&quot;}\" data-image-title=\"WhatsApp Image 2020-07-29 at 11.05.16\" data-image-description=\"\" data-image-caption=\"\" data-large-file=\"https:\/\/eldiariodesanpedro.com.ar\/sitio\/wp-content\/uploads\/2020\/07\/WhatsApp-Image-2020-07-29-at-11.05.16.jpeg\" data-src=\"https:\/\/eldiariodesanpedro.com.ar\/sitio\/wp-content\/uploads\/2020\/07\/WhatsApp-Image-2020-07-29-at-11.05.16.jpeg\" alt=\"\" class=\"wp-image-78565 lazyload\" data-srcset=\"https:\/\/eldiariodesanpedro.com.ar\/sitio\/wp-content\/uploads\/2020\/07\/WhatsApp-Image-2020-07-29-at-11.05.16.jpeg 1000w, https:\/\/eldiariodesanpedro.com.ar\/sitio\/wp-content\/uploads\/2020\/07\/WhatsApp-Image-2020-07-29-at-11.05.16-300x145.jpeg 300w, https:\/\/eldiariodesanpedro.com.ar\/sitio\/wp-content\/uploads\/2020\/07\/WhatsApp-Image-2020-07-29-at-11.05.16-768x370.jpeg 768w\" data-sizes=\"(max-width: 1000px) 100vw, 1000px\" src=\"data:image\/svg+xml;base64,PHN2ZyB3aWR0aD0iMSIgaGVpZ2h0PSIxIiB4bWxucz0iaHR0cDovL3d3dy53My5vcmcvMjAwMC9zdmciPjwvc3ZnPg==\" style=\"--smush-placeholder-width: 1000px; --smush-placeholder-aspect-ratio: 1000\/482;\" \/><\/figure>\n\n\n\n<figure class=\"wp-block-image size-large\"><img decoding=\"async\" width=\"1024\" height=\"768\" data-attachment-id=\"78564\" data-permalink=\"https:\/\/eldiariodesanpedro.com.ar\/sitio\/tareas-de-sanitizacion-en-destacamentos-policiales\/whatsapp-image-2020-07-29-at-11-04-51\/\" data-orig-file=\"https:\/\/eldiariodesanpedro.com.ar\/sitio\/wp-content\/uploads\/2020\/07\/WhatsApp-Image-2020-07-29-at-11.04.51.jpeg\" data-orig-size=\"1280,960\" data-comments-opened=\"1\" data-image-meta=\"{&quot;aperture&quot;:&quot;0&quot;,&quot;credit&quot;:&quot;&quot;,&quot;camera&quot;:&quot;&quot;,&quot;caption&quot;:&quot;&quot;,&quot;created_timestamp&quot;:&quot;0&quot;,&quot;copyright&quot;:&quot;&quot;,&quot;focal_length&quot;:&quot;0&quot;,&quot;iso&quot;:&quot;0&quot;,&quot;shutter_speed&quot;:&quot;0&quot;,&quot;title&quot;:&quot;&quot;,&quot;orientation&quot;:&quot;0&quot;}\" data-image-title=\"WhatsApp Image 2020-07-29 at 11.04.51\" data-image-description=\"\" data-image-caption=\"\" data-large-file=\"https:\/\/eldiariodesanpedro.com.ar\/sitio\/wp-content\/uploads\/2020\/07\/WhatsApp-Image-2020-07-29-at-11.04.51-1024x768.jpeg\" data-src=\"https:\/\/eldiariodesanpedro.com.ar\/sitio\/wp-content\/uploads\/2020\/07\/WhatsApp-Image-2020-07-29-at-11.04.51-1024x768.jpeg\" alt=\"\" class=\"wp-image-78564 lazyload\" data-srcset=\"https:\/\/eldiariodesanpedro.com.ar\/sitio\/wp-content\/uploads\/2020\/07\/WhatsApp-Image-2020-07-29-at-11.04.51-1024x768.jpeg 1024w, https:\/\/eldiariodesanpedro.com.ar\/sitio\/wp-content\/uploads\/2020\/07\/WhatsApp-Image-2020-07-29-at-11.04.51-300x225.jpeg 300w, https:\/\/eldiariodesanpedro.com.ar\/sitio\/wp-content\/uploads\/2020\/07\/WhatsApp-Image-2020-07-29-at-11.04.51-768x576.jpeg 768w, https:\/\/eldiariodesanpedro.com.ar\/sitio\/wp-content\/uploads\/2020\/07\/WhatsApp-Image-2020-07-29-at-11.04.51-500x375.jpeg 500w, https:\/\/eldiariodesanpedro.com.ar\/sitio\/wp-content\/uploads\/2020\/07\/WhatsApp-Image-2020-07-29-at-11.04.51.jpeg 1280w\" data-sizes=\"(max-width: 1024px) 100vw, 1024px\" src=\"data:image\/svg+xml;base64,PHN2ZyB3aWR0aD0iMSIgaGVpZ2h0PSIxIiB4bWxucz0iaHR0cDovL3d3dy53My5vcmcvMjAwMC9zdmciPjwvc3ZnPg==\" style=\"--smush-placeholder-width: 1024px; --smush-placeholder-aspect-ratio: 1024\/768;\" \/><\/figure>\n\n\n\n<figure class=\"wp-block-image size-large\"><img decoding=\"async\" width=\"1024\" height=\"768\" data-attachment-id=\"78563\" data-permalink=\"https:\/\/eldiariodesanpedro.com.ar\/sitio\/tareas-de-sanitizacion-en-destacamentos-policiales\/whatsapp-image-2020-07-29-at-11-04-51-1\/\" data-orig-file=\"https:\/\/eldiariodesanpedro.com.ar\/sitio\/wp-content\/uploads\/2020\/07\/WhatsApp-Image-2020-07-29-at-11.04.51-1.jpeg\" data-orig-size=\"1280,960\" data-comments-opened=\"1\" data-image-meta=\"{&quot;aperture&quot;:&quot;0&quot;,&quot;credit&quot;:&quot;&quot;,&quot;camera&quot;:&quot;&quot;,&quot;caption&quot;:&quot;&quot;,&quot;created_timestamp&quot;:&quot;0&quot;,&quot;copyright&quot;:&quot;&quot;,&quot;focal_length&quot;:&quot;0&quot;,&quot;iso&quot;:&quot;0&quot;,&quot;shutter_speed&quot;:&quot;0&quot;,&quot;title&quot;:&quot;&quot;,&quot;orientation&quot;:&quot;0&quot;}\" data-image-title=\"WhatsApp Image 2020-07-29 at 11.04.51 (1)\" data-image-description=\"\" data-image-caption=\"\" data-large-file=\"https:\/\/eldiariodesanpedro.com.ar\/sitio\/wp-content\/uploads\/2020\/07\/WhatsApp-Image-2020-07-29-at-11.04.51-1-1024x768.jpeg\" data-src=\"https:\/\/eldiariodesanpedro.com.ar\/sitio\/wp-content\/uploads\/2020\/07\/WhatsApp-Image-2020-07-29-at-11.04.51-1-1024x768.jpeg\" alt=\"\" class=\"wp-image-78563 lazyload\" data-srcset=\"https:\/\/eldiariodesanpedro.com.ar\/sitio\/wp-content\/uploads\/2020\/07\/WhatsApp-Image-2020-07-29-at-11.04.51-1-1024x768.jpeg 1024w, https:\/\/eldiariodesanpedro.com.ar\/sitio\/wp-content\/uploads\/2020\/07\/WhatsApp-Image-2020-07-29-at-11.04.51-1-300x225.jpeg 300w, https:\/\/eldiariodesanpedro.com.ar\/sitio\/wp-content\/uploads\/2020\/07\/WhatsApp-Image-2020-07-29-at-11.04.51-1-768x576.jpeg 768w, https:\/\/eldiariodesanpedro.com.ar\/sitio\/wp-content\/uploads\/2020\/07\/WhatsApp-Image-2020-07-29-at-11.04.51-1-500x375.jpeg 500w, https:\/\/eldiariodesanpedro.com.ar\/sitio\/wp-content\/uploads\/2020\/07\/WhatsApp-Image-2020-07-29-at-11.04.51-1.jpeg 1280w\" data-sizes=\"(max-width: 1024px) 100vw, 1024px\" src=\"data:image\/svg+xml;base64,PHN2ZyB3aWR0aD0iMSIgaGVpZ2h0PSIxIiB4bWxucz0iaHR0cDovL3d3dy53My5vcmcvMjAwMC9zdmciPjwvc3ZnPg==\" style=\"--smush-placeholder-width: 1024px; --smush-placeholder-aspect-ratio: 1024\/768;\" \/><\/figure>\n\n\n\n<figure class=\"wp-block-image size-large\"><img decoding=\"async\" width=\"768\" height=\"1024\" data-attachment-id=\"78562\" data-permalink=\"https:\/\/eldiariodesanpedro.com.ar\/sitio\/tareas-de-sanitizacion-en-destacamentos-policiales\/whatsapp-image-2020-07-29-at-11-04-50\/\" data-orig-file=\"https:\/\/eldiariodesanpedro.com.ar\/sitio\/wp-content\/uploads\/2020\/07\/WhatsApp-Image-2020-07-29-at-11.04.50.jpeg\" data-orig-size=\"960,1280\" data-comments-opened=\"1\" data-image-meta=\"{&quot;aperture&quot;:&quot;0&quot;,&quot;credit&quot;:&quot;&quot;,&quot;camera&quot;:&quot;&quot;,&quot;caption&quot;:&quot;&quot;,&quot;created_timestamp&quot;:&quot;0&quot;,&quot;copyright&quot;:&quot;&quot;,&quot;focal_length&quot;:&quot;0&quot;,&quot;iso&quot;:&quot;0&quot;,&quot;shutter_speed&quot;:&quot;0&quot;,&quot;title&quot;:&quot;&quot;,&quot;orientation&quot;:&quot;0&quot;}\" data-image-title=\"WhatsApp Image 2020-07-29 at 11.04.50\" data-image-description=\"\" data-image-caption=\"\" data-large-file=\"https:\/\/eldiariodesanpedro.com.ar\/sitio\/wp-content\/uploads\/2020\/07\/WhatsApp-Image-2020-07-29-at-11.04.50-768x1024.jpeg\" data-src=\"https:\/\/eldiariodesanpedro.com.ar\/sitio\/wp-content\/uploads\/2020\/07\/WhatsApp-Image-2020-07-29-at-11.04.50-768x1024.jpeg\" alt=\"\" class=\"wp-image-78562 lazyload\" data-srcset=\"https:\/\/eldiariodesanpedro.com.ar\/sitio\/wp-content\/uploads\/2020\/07\/WhatsApp-Image-2020-07-29-at-11.04.50-768x1024.jpeg 768w, https:\/\/eldiariodesanpedro.com.ar\/sitio\/wp-content\/uploads\/2020\/07\/WhatsApp-Image-2020-07-29-at-11.04.50-225x300.jpeg 225w, https:\/\/eldiariodesanpedro.com.ar\/sitio\/wp-content\/uploads\/2020\/07\/WhatsApp-Image-2020-07-29-at-11.04.50.jpeg 960w\" data-sizes=\"(max-width: 768px) 100vw, 768px\" src=\"data:image\/svg+xml;base64,PHN2ZyB3aWR0aD0iMSIgaGVpZ2h0PSIxIiB4bWxucz0iaHR0cDovL3d3dy53My5vcmcvMjAwMC9zdmciPjwvc3ZnPg==\" style=\"--smush-placeholder-width: 768px; --smush-placeholder-aspect-ratio: 768\/1024;\" \/><\/figure>\n\n\n\n<figure class=\"wp-block-image size-large\"><img decoding=\"async\" width=\"768\" height=\"1024\" data-attachment-id=\"78560\" data-permalink=\"https:\/\/eldiariodesanpedro.com.ar\/sitio\/tareas-de-sanitizacion-en-destacamentos-policiales\/whatsapp-image-2020-07-29-at-11-04-50-3\/\" data-orig-file=\"https:\/\/eldiariodesanpedro.com.ar\/sitio\/wp-content\/uploads\/2020\/07\/WhatsApp-Image-2020-07-29-at-11.04.50-3.jpeg\" data-orig-size=\"960,1280\" data-comments-opened=\"1\" data-image-meta=\"{&quot;aperture&quot;:&quot;0&quot;,&quot;credit&quot;:&quot;&quot;,&quot;camera&quot;:&quot;&quot;,&quot;caption&quot;:&quot;&quot;,&quot;created_timestamp&quot;:&quot;0&quot;,&quot;copyright&quot;:&quot;&quot;,&quot;focal_length&quot;:&quot;0&quot;,&quot;iso&quot;:&quot;0&quot;,&quot;shutter_speed&quot;:&quot;0&quot;,&quot;title&quot;:&quot;&quot;,&quot;orientation&quot;:&quot;0&quot;}\" data-image-title=\"WhatsApp Image 2020-07-29 at 11.04.50 (3)\" data-image-description=\"\" data-image-caption=\"\" data-large-file=\"https:\/\/eldiariodesanpedro.com.ar\/sitio\/wp-content\/uploads\/2020\/07\/WhatsApp-Image-2020-07-29-at-11.04.50-3-768x1024.jpeg\" data-src=\"https:\/\/eldiariodesanpedro.com.ar\/sitio\/wp-content\/uploads\/2020\/07\/WhatsApp-Image-2020-07-29-at-11.04.50-3-768x1024.jpeg\" alt=\"\" class=\"wp-image-78560 lazyload\" data-srcset=\"https:\/\/eldiariodesanpedro.com.ar\/sitio\/wp-content\/uploads\/2020\/07\/WhatsApp-Image-2020-07-29-at-11.04.50-3-768x1024.jpeg 768w, https:\/\/eldiariodesanpedro.com.ar\/sitio\/wp-content\/uploads\/2020\/07\/WhatsApp-Image-2020-07-29-at-11.04.50-3-225x300.jpeg 225w, https:\/\/eldiariodesanpedro.com.ar\/sitio\/wp-content\/uploads\/2020\/07\/WhatsApp-Image-2020-07-29-at-11.04.50-3.jpeg 960w\" data-sizes=\"(max-width: 768px) 100vw, 768px\" src=\"data:image\/svg+xml;base64,PHN2ZyB3aWR0aD0iMSIgaGVpZ2h0PSIxIiB4bWxucz0iaHR0cDovL3d3dy53My5vcmcvMjAwMC9zdmciPjwvc3ZnPg==\" style=\"--smush-placeholder-width: 768px; --smush-placeholder-aspect-ratio: 768\/1024;\" \/><\/figure>\n","protected":false},"excerpt":{"rendered":"<p>Durante la jornada de martes desde la departamental de San Nicol\u00e1s se hicieron presentes en los destacamento de la regi\u00f3n efectivos de la polic\u00eda ecol\u00f3gica que realizaron tareas de sanitizaci\u00f3n. En la jornada de este mi\u00e9rcoles se hicieron presentes en los destacamento de las localidades el personal de Polic\u00eda Ecol\u00f3gica Departamental San Nicol\u00e1s conjuntamente con [&hellip;]<\/p>\n","protected":false},"author":4,"featured_media":78558,"comment_status":"open","ping_status":"closed","sticky":false,"template":"","format":"standard","meta":{"om_disable_all_campaigns":false,"_jetpack_memberships_contains_paid_content":false,"footnotes":""},"categories":[2,102],"tags":[197,696,33],"class_list":["post-78557","post","type-post","status-publish","format-standard","has-post-thumbnail","hentry","category-locales","category-politica-locales","tag-buenos-aires","tag-interes-general","tag-locales"],"aioseo_notices":[],"gutentor_comment":0,"jetpack_featured_media_url":"https:\/\/eldiariodesanpedro.com.ar\/sitio\/wp-content\/uploads\/2020\/07\/WhatsApp-Image-2020-07-29-at-11.04.50-1.jpeg","jetpack_shortlink":"https:\/\/wp.me\/p6RhLt-kr3","jetpack_sharing_enabled":true,"_links":{"self":[{"href":"https:\/\/eldiariodesanpedro.com.ar\/sitio\/wp-json\/wp\/v2\/posts\/78557","targetHints":{"allow":["GET"]}}],"collection":[{"href":"https:\/\/eldiariodesanpedro.com.ar\/sitio\/wp-json\/wp\/v2\/posts"}],"about":[{"href":"https:\/\/eldiariodesanpedro.com.ar\/sitio\/wp-json\/wp\/v2\/types\/post"}],"author":[{"embeddable":true,"href":"https:\/\/eldiariodesanpedro.com.ar\/sitio\/wp-json\/wp\/v2\/users\/4"}],"replies":[{"embeddable":true,"href":"https:\/\/eldiariodesanpedro.com.ar\/sitio\/wp-json\/wp\/v2\/comments?post=78557"}],"version-history":[{"count":1,"href":"https:\/\/eldiariodesanpedro.com.ar\/sitio\/wp-json\/wp\/v2\/posts\/78557\/revisions"}],"predecessor-version":[{"id":78566,"href":"https:\/\/eldiariodesanpedro.com.ar\/sitio\/wp-json\/wp\/v2\/posts\/78557\/revisions\/78566"}],"wp:featuredmedia":[{"embeddable":true,"href":"https:\/\/eldiariodesanpedro.com.ar\/sitio\/wp-json\/wp\/v2\/media\/78558"}],"wp:attachment":[{"href":"https:\/\/eldiariodesanpedro.com.ar\/sitio\/wp-json\/wp\/v2\/media?parent=78557"}],"wp:term":[{"taxonomy":"category","embeddable":true,"href":"https:\/\/eldiariodesanpedro.com.ar\/sitio\/wp-json\/wp\/v2\/categories?post=78557"},{"taxonomy":"post_tag","embeddable":true,"href":"https:\/\/eldiariodesanpedro.com.ar\/sitio\/wp-json\/wp\/v2\/tags?post=78557"}],"curies":[{"name":"wp","href":"https:\/\/api.w.org\/{rel}","templated":true}]}}