{"id":78551,"date":"2020-07-29T10:56:25","date_gmt":"2020-07-29T13:56:25","guid":{"rendered":"https:\/\/eldiariodesanpedro.com.ar\/sitio\/?p=78551"},"modified":"2020-07-29T10:56:29","modified_gmt":"2020-07-29T13:56:29","slug":"sorprendio-a-un-delincuente-dentro-de-su-casa","status":"publish","type":"post","link":"https:\/\/eldiariodesanpedro.com.ar\/sitio\/sorprendio-a-un-delincuente-dentro-de-su-casa\/","title":{"rendered":"Sorprendi\u00f3 a un delincuente dentro de su casa"},"content":{"rendered":"<!-- VideographyWP Plugin Message: Automatic video embedding prevented by plugin options. -->\n\n<p>En horas de la madrugada de hoy mi\u00e9rcoles, se recibi\u00f3 la denuncia telef\u00f3nica al 911 de una persona mayor de edad quien declara que mientras dormitaba sorprende delincuente interior su domicilio ubicado en calle Depietri al 1500, quien ingresara por una ventana la cual se encontraba abierta.&nbsp;<\/p>\n\n\n\n<p>El delincuente advertido fuga, constatando la denunciante el faltante de un tel\u00e9fono celular y otro efecto.<\/p>\n\n\n\n<p>se investiga con intervenci\u00f3n de la fiscal\u00eda en turno local.<\/p>\n","protected":false},"excerpt":{"rendered":"<p>En horas de la madrugada de hoy mi\u00e9rcoles, se recibi\u00f3 la denuncia telef\u00f3nica al 911 de una persona mayor de edad quien declara que mientras dormitaba sorprende delincuente interior su domicilio ubicado en calle Depietri al 1500, quien ingresara por una ventana la cual se encontraba abierta.&nbsp; El delincuente advertido fuga, constatando la denunciante el [&hellip;]<\/p>\n","protected":false},"author":4,"featured_media":76869,"comment_status":"open","ping_status":"closed","sticky":false,"template":"","format":"standard","meta":{"om_disable_all_campaigns":false,"_jetpack_memberships_contains_paid_content":false,"footnotes":""},"categories":[2,103],"tags":[197,33,95,19],"class_list":["post-78551","post","type-post","status-publish","format-standard","has-post-thumbnail","hentry","category-locales","category-policiales-locales","tag-buenos-aires","tag-locales","tag-policiales","tag-san-pedro"],"aioseo_notices":[],"gutentor_comment":0,"jetpack_featured_media_url":"https:\/\/eldiariodesanpedro.com.ar\/sitio\/wp-content\/uploads\/2020\/06\/no_5xy04oxdoy5kapynop1c2rjhuqt1rjj1ct912k4g249ht1.jpg","jetpack_shortlink":"https:\/\/wp.me\/p6RhLt-kqX","jetpack_sharing_enabled":true,"_links":{"self":[{"href":"https:\/\/eldiariodesanpedro.com.ar\/sitio\/wp-json\/wp\/v2\/posts\/78551","targetHints":{"allow":["GET"]}}],"collection":[{"href":"https:\/\/eldiariodesanpedro.com.ar\/sitio\/wp-json\/wp\/v2\/posts"}],"about":[{"href":"https:\/\/eldiariodesanpedro.com.ar\/sitio\/wp-json\/wp\/v2\/types\/post"}],"author":[{"embeddable":true,"href":"https:\/\/eldiariodesanpedro.com.ar\/sitio\/wp-json\/wp\/v2\/users\/4"}],"replies":[{"embeddable":true,"href":"https:\/\/eldiariodesanpedro.com.ar\/sitio\/wp-json\/wp\/v2\/comments?post=78551"}],"version-history":[{"count":1,"href":"https:\/\/eldiariodesanpedro.com.ar\/sitio\/wp-json\/wp\/v2\/posts\/78551\/revisions"}],"predecessor-version":[{"id":78552,"href":"https:\/\/eldiariodesanpedro.com.ar\/sitio\/wp-json\/wp\/v2\/posts\/78551\/revisions\/78552"}],"wp:featuredmedia":[{"embeddable":true,"href":"https:\/\/eldiariodesanpedro.com.ar\/sitio\/wp-json\/wp\/v2\/media\/76869"}],"wp:attachment":[{"href":"https:\/\/eldiariodesanpedro.com.ar\/sitio\/wp-json\/wp\/v2\/media?parent=78551"}],"wp:term":[{"taxonomy":"category","embeddable":true,"href":"https:\/\/eldiariodesanpedro.com.ar\/sitio\/wp-json\/wp\/v2\/categories?post=78551"},{"taxonomy":"post_tag","embeddable":true,"href":"https:\/\/eldiariodesanpedro.com.ar\/sitio\/wp-json\/wp\/v2\/tags?post=78551"}],"curies":[{"name":"wp","href":"https:\/\/api.w.org\/{rel}","templated":true}]}}